{"id":62854,"date":"2023-12-04T18:41:14","date_gmt":"2023-12-05T00:41:14","guid":{"rendered":"http:\/\/www.zonaroja.com.mx\/?p=62854"},"modified":"2023-12-04T18:41:17","modified_gmt":"2023-12-05T00:41:17","slug":"como-cada-inicio-de-semana-vive-oaxaca-megacaos-por-bloqueos-y-protestas","status":"publish","type":"post","link":"https:\/\/zonaroja.com.mx\/?p=62854","title":{"rendered":"Como cada inicio de semana, vive Oaxaca megacaos por bloqueos y protestas"},"content":{"rendered":"\n<p>Yuridiana Sosa\/Zona Roja.<\/p>\n\n\n\n<p>Oaxaca de Ju\u00e1rez, Oax., a 4 de diciembre de 2023.- Normalistas e integrantes del Movimiento de Unificaci\u00f3n y Lucha Triqui (MULT) desquiciaron la entidad durante este inicio de semana, con la instalaci\u00f3n de bloqueos en la capital y en el interior del estado, respectivamente.<\/p>\n\n\n\n<p>Esta noche, ante la nula atenci\u00f3n por parte del Instituto Estatal de Educaci\u00f3n P\u00fablica de Oaxaca (IEEPO) y luego de m\u00e1s de cuatro horas de bloqueos en el Centro Hist\u00f3rico de la ciudad, estudiantes de la Escuela Normal de Educaci\u00f3n Especial (ENEE) queman llantas.<\/p>\n\n\n\n<p>Por en\u00e9sima ocasi\u00f3n, se manifestaron y realizaron actos vand\u00e1licos en la capital contra el titular del IEEPO, Emilio Montero P\u00e9rez, por su nula respuesta.<\/p>\n\n\n\n<p>Alrededor de las 14:00 horas, los normalistas \u201ctomaron\u201d camiones de pasajeros y de mercanc\u00eda de diferentes empresas para bloquear la avenida Independencia con J. P. Garc\u00eda.<\/p>\n\n\n\n<p>Luego de ello, robaron productos, entre estos refrescos, los cuales fueron colocados en la v\u00eda p\u00fablica y de donde tambi\u00e9n fueron llevados por ciudadanos y vendedores ambulantes.<\/p>\n\n\n\n<p>Los normalistas demandan al IEEPO el cumplimiento de diversas demandas, principalmente el de reconocer de la licenciatura en Educaci\u00f3n Especial, para que sus estudiantes egresen como licenciados y no como t\u00e9cnicos.<\/p>\n\n\n\n<p>LOS TRIQUIS<\/p>\n\n\n\n<p>Por otra parte, desde temprana hora, la organizaci\u00f3n triqui comenz\u00f3 con bloqueos en las regiones Mixteca, Valles Centrales y Sierra Sur, para exigir al Gobierno del Estado el cese a la violencia en la naci\u00f3n triqui, tras el m\u00e1s reciente asesinato de un compa\u00f1ero durante el fin de semana.<\/p>\n\n\n\n<p>A la par, representantes del MULT se manifestaron frente a Palacio de Gobierno e instalaron un plant\u00f3n indefinido para demandar el cumplimiento a su demanda, y se\u00f1alaron al Movimiento de Unificaci\u00f3n y Lucha Triqui Independiente (MULTI) como el responsable del ataque en Yoxoyuxi Copala.<\/p>\n\n\n\n<p>La organizaci\u00f3n bloque\u00f3 los accesos del municipio de Putla de Guerrero, &nbsp;en la Carretera Federal 125 a la altura del Yutee, otro en la \u201cY\u201d, en el puente la cuchara; otro en la desviaci\u00f3n a San Juan Lagunas.<\/p>\n\n\n\n<p>As\u00ed como sobre la carretera n\u00famero 15, tramo Juxtlahuaca &#8211; Huajuapan en el kil\u00f3metro 96, a la altura de Laguna Encantada, mientras que otro grupo, bloque\u00f3 la carretera federal 190, Huajuapan-Oaxaca, a la altura de la desviaci\u00f3n a Tezoatl\u00e1n de Segura y Luna.<\/p>\n\n\n\n<p>Otro bloqueo en la entidad se registr\u00f3 en el acceso al municipio de Zimatl\u00e1n de \u00c1lvarez y uno m\u00e1s sobre la &nbsp;carretera federal 200 a la altura de la desviaci\u00f3n a El Gachup\u00edn de Tututepec, en la regi\u00f3n de la Costa.<\/p>\n","protected":false},"excerpt":{"rendered":"<p>Yuridiana Sosa\/Zona Roja. Oaxaca de Ju\u00e1rez, Oax., a 4 de diciembre de 2023.- Normalistas e&hellip;<\/p>\n","protected":false},"author":2,"featured_media":62855,"comment_status":"closed","ping_status":"open","sticky":false,"template":"","format":"standard","meta":{"_lmt_disableupdate":"","_lmt_disable":"","_jetpack_memberships_contains_paid_content":false,"footnotes":""},"categories":[109,47],"tags":[2264],"class_list":["post-62854","post","type-post","status-publish","format-standard","has-post-thumbnail","hentry","category-minuto-a-minuto","category-zona-gris","tag-bloqueos-y-protestas-oaxaca"],"jetpack_featured_media_url":"https:\/\/zonaroja.com.mx\/wp-content\/uploads\/2023\/12\/Bloqueos-y-protestas-triquis-y-nornalistas-4-de-diciembre.jpg","jetpack_sharing_enabled":true,"_links":{"self":[{"href":"https:\/\/zonaroja.com.mx\/index.php?rest_route=\/wp\/v2\/posts\/62854","targetHints":{"allow":["GET"]}}],"collection":[{"href":"https:\/\/zonaroja.com.mx\/index.php?rest_route=\/wp\/v2\/posts"}],"about":[{"href":"https:\/\/zonaroja.com.mx\/index.php?rest_route=\/wp\/v2\/types\/post"}],"author":[{"embeddable":true,"href":"https:\/\/zonaroja.com.mx\/index.php?rest_route=\/wp\/v2\/users\/2"}],"replies":[{"embeddable":true,"href":"https:\/\/zonaroja.com.mx\/index.php?rest_route=%2Fwp%2Fv2%2Fcomments&post=62854"}],"version-history":[{"count":1,"href":"https:\/\/zonaroja.com.mx\/index.php?rest_route=\/wp\/v2\/posts\/62854\/revisions"}],"predecessor-version":[{"id":62856,"href":"https:\/\/zonaroja.com.mx\/index.php?rest_route=\/wp\/v2\/posts\/62854\/revisions\/62856"}],"wp:featuredmedia":[{"embeddable":true,"href":"https:\/\/zonaroja.com.mx\/index.php?rest_route=\/wp\/v2\/media\/62855"}],"wp:attachment":[{"href":"https:\/\/zonaroja.com.mx\/index.php?rest_route=%2Fwp%2Fv2%2Fmedia&parent=62854"}],"wp:term":[{"taxonomy":"category","embeddable":true,"href":"https:\/\/zonaroja.com.mx\/index.php?rest_route=%2Fwp%2Fv2%2Fcategories&post=62854"},{"taxonomy":"post_tag","embeddable":true,"href":"https:\/\/zonaroja.com.mx\/index.php?rest_route=%2Fwp%2Fv2%2Ftags&post=62854"}],"curies":[{"name":"wp","href":"https:\/\/api.w.org\/{rel}","templated":true}]}}