{"id":62857,"date":"2023-12-04T19:39:51","date_gmt":"2023-12-05T01:39:51","guid":{"rendered":"http:\/\/www.zonaroja.com.mx\/?p=62857"},"modified":"2023-12-04T19:39:55","modified_gmt":"2023-12-05T01:39:55","slug":"denuncian-sindicatos-unidos-manejo-irregular-de-neri-en-fondo-de-pensiones","status":"publish","type":"post","link":"https:\/\/zonaroja.com.mx\/?p=62857","title":{"rendered":"Denuncian sindicatos unidos manejo irregular de Neri en Fondo de Pensiones"},"content":{"rendered":"\n<p>Yuridiana Sosa\/Zona Roja.<\/p>\n\n\n\n<p>Oaxaca de Ju\u00e1rez, Oax., a 4 de diciembre de 2023.- A menos de un mes de que concluya el segundo a\u00f1o de gobierno municipal de Francisco Mart\u00ednez Neri y anunciara su inter\u00e9s de buscar la reelecci\u00f3n en Oaxaca de Ju\u00e1rez, integrantes de seis sindicatos de dicho ayuntamiento se manifestaron para exigir el saneamiento del Fondo de Pensiones.<\/p>\n\n\n\n<p>Agrupados en el movimiento \u201cSindicatos unidos por el fortalecimiento y defensa de los derechos de los trabajadores municipales\u201d, los l\u00edderes de gremios se\u00f1alaron que existe un grave problema econ\u00f3mico en la Direcci\u00f3n de Pensiones de ese Ayuntamiento, el cual exigen atender de manera urgente.<\/p>\n\n\n\n<p>En conferencia de prensa, desde Plaza de la Danza, los representantes recalcaron que desde el inicio de esta administraci\u00f3n han planteado a la autoridad municipal buscar mecanismos que garanticen el fortalecimiento del fondo econ\u00f3mico de pensiones para no poner en riesgo el pago de pensiones de forma puntual para los jubilados, pensionados y pensionistas.<\/p>\n\n\n\n<p>Uno de los representantes, Marcelino Coache, indic\u00f3 que de no sanear las finanzas del&nbsp; Fondo de Pensiones pone en riesgo el pago para los actuales pensionados y jubilados y por tanto no existir\u00edan condiciones para cumplir con los pagos de los nuevos trabajadores retirados.<\/p>\n\n\n\n<p>Indicaron que en diversas ocasiones le han propuesto soluciones al edil Mart\u00ednez Neri, sin que los tome en cuenta. Entre las propuestas se encuentra la donaci\u00f3n de algunos bienes inmuebles; solicitar el apoyo financiero del gobierno estatal o federal o bien que las aportaciones de los trabajadores que corresponden al 9.5 por ciento de sus salarios sean depositados por el Ayuntamiento en los plazos establecidos por la ley de pensiones sin que sean aplicados al pago de la n\u00f3mina de jubilados pensionados y pensionistas.<\/p>\n\n\n\n<p>Los sindicalizados apuntaron que tambi\u00e9n es necesaria una reforma a la Ley de Pensiones, pero no aceptar\u00e1n imposiciones como se pretendi\u00f3 hacer con el proyecto que present\u00f3 un actuario contratado para realizar otro estudio.<\/p>\n\n\n\n<p>Por lo que exigieron ser tomados en cuenta para la realizaci\u00f3n de dicha reforma.<\/p>\n\n\n\n<p>Los manifestantes se reservaron calificar el desempe\u00f1o del edil Mart\u00ednez Neri, sin embargo, indicaron que existen diversas deficiencias administrativas y mejores \u00e1reas de trabajo.<\/p>\n\n\n\n<p>La inconformidad fue por parte del Sindicato Independiente \u201c3 de Marzo\u201d; Sindicato Aut\u00f3nomo; Sindicato adherido a la CROC; Sindicato Independiente \u201c12 de Septiembre\u201d; Sindicato Libre y Sindicato \u201cRenacimiento 2 de Febrero\u201d.<\/p>\n","protected":false},"excerpt":{"rendered":"<p>Yuridiana Sosa\/Zona Roja. Oaxaca de Ju\u00e1rez, Oax., a 4 de diciembre de 2023.- A menos&hellip;<\/p>\n","protected":false},"author":2,"featured_media":62858,"comment_status":"closed","ping_status":"open","sticky":false,"template":"","format":"standard","meta":{"_lmt_disableupdate":"","_lmt_disable":"","_jetpack_memberships_contains_paid_content":false,"footnotes":""},"categories":[109],"tags":[2418,148],"class_list":["post-62857","post","type-post","status-publish","format-standard","has-post-thumbnail","hentry","category-minuto-a-minuto","tag-francisco-martinez-neri","tag-oaxaca-de-juarez"],"jetpack_featured_media_url":"https:\/\/zonaroja.com.mx\/wp-content\/uploads\/2023\/12\/Conferencia-sindicatos-ayuntamiento-Oaxaca.jpg","jetpack_sharing_enabled":true,"_links":{"self":[{"href":"https:\/\/zonaroja.com.mx\/index.php?rest_route=\/wp\/v2\/posts\/62857","targetHints":{"allow":["GET"]}}],"collection":[{"href":"https:\/\/zonaroja.com.mx\/index.php?rest_route=\/wp\/v2\/posts"}],"about":[{"href":"https:\/\/zonaroja.com.mx\/index.php?rest_route=\/wp\/v2\/types\/post"}],"author":[{"embeddable":true,"href":"https:\/\/zonaroja.com.mx\/index.php?rest_route=\/wp\/v2\/users\/2"}],"replies":[{"embeddable":true,"href":"https:\/\/zonaroja.com.mx\/index.php?rest_route=%2Fwp%2Fv2%2Fcomments&post=62857"}],"version-history":[{"count":1,"href":"https:\/\/zonaroja.com.mx\/index.php?rest_route=\/wp\/v2\/posts\/62857\/revisions"}],"predecessor-version":[{"id":62859,"href":"https:\/\/zonaroja.com.mx\/index.php?rest_route=\/wp\/v2\/posts\/62857\/revisions\/62859"}],"wp:featuredmedia":[{"embeddable":true,"href":"https:\/\/zonaroja.com.mx\/index.php?rest_route=\/wp\/v2\/media\/62858"}],"wp:attachment":[{"href":"https:\/\/zonaroja.com.mx\/index.php?rest_route=%2Fwp%2Fv2%2Fmedia&parent=62857"}],"wp:term":[{"taxonomy":"category","embeddable":true,"href":"https:\/\/zonaroja.com.mx\/index.php?rest_route=%2Fwp%2Fv2%2Fcategories&post=62857"},{"taxonomy":"post_tag","embeddable":true,"href":"https:\/\/zonaroja.com.mx\/index.php?rest_route=%2Fwp%2Fv2%2Ftags&post=62857"}],"curies":[{"name":"wp","href":"https:\/\/api.w.org\/{rel}","templated":true}]}}