{"id":62867,"date":"2023-12-05T06:52:38","date_gmt":"2023-12-05T12:52:38","guid":{"rendered":"http:\/\/www.zonaroja.com.mx\/?p=62867"},"modified":"2023-12-05T06:52:42","modified_gmt":"2023-12-05T12:52:42","slug":"sube-a-6-jovenes-universitarios-ejecutados-en-guanajuato-tablean-a-jovenes-en-sinaloa","status":"publish","type":"post","link":"https:\/\/zonaroja.com.mx\/?p=62867","title":{"rendered":"Sube a 6 j\u00f3venes universitarios ejecutados en Guanajuato; \u201ctablean\u201d a j\u00f3venes en Sinaloa"},"content":{"rendered":"\n<p>Redacci\u00f3n\/Zona Roja Cdmx.<\/p>\n\n\n\n<p>Ciudad de M\u00e9xico, a 5 de diciembre de 2023.- Este lunes 4 de diciembre se report\u00f3 el hallazgo del cuerpo de un sexto estudiante en Celaya, Guanajuato, alumnos de la Universidad Latina de M\u00e9xico (ULM).&nbsp;<\/p>\n\n\n\n<p>Al igual que los otros j\u00f3venes hallados un d\u00eda antes, la v\u00edctima recibi\u00f3 impactos causados por arma de fuego y ten\u00eda huellas visibles de violencia, de acuerdo con informaci\u00f3n del portal Infobae M\u00e9xico.<\/p>\n\n\n\n<p>El rector de la ULM confirm\u00f3 este lunes las identidades de al menos cinco v\u00edctimas: se trata de dos j\u00f3venes que cursaban la carrera de Medicina: Jos\u00e9 Eduardo Freire Ortega y Bryan Jes\u00fas Amoles Gasta; adem\u00e1s de Jes\u00fas Virgilio y Fabi\u00e1n Orozco Mateos, hermanos, y Pedro Francisco Mateos Puente, primo de \u00e9stos dos. Tambi\u00e9n hay una sexta v\u00edctima que al momento no ha sido identificada. Los j\u00f3venes estaban a punto de graduarse.<\/p>\n\n\n\n<p>La FGE Guanajuato inform\u00f3 que su Unidad Especializada de Homicidios inici\u00f3 la investigaci\u00f3n y recaba informaci\u00f3n para identificar a los presuntos responsables y lograr su captura para dejarlos a disposici\u00f3n de un juez.<\/p>\n\n\n\n<p>LOS \u201cTABLEAN\u201d<\/p>\n\n\n\n<p>Por otra parte, dos estudiantes que supuestamente vend\u00edan vapeadores (cigarrillos electr\u00f3nicos) fueron desnudados y tableados dentro de la Universidad Aut\u00f3noma de Occidente (UAdeO), campus Guasave, en Sinaloa, y los obligaron a caminar por las calles de esa localidad, sin que ninguna patrulla llegara, a pesar de que se inform\u00f3 a las autoridades sobre el el incidente.<\/p>\n\n\n\n<p>La agresi\u00f3n fue reportada ayer en la tarde cuando dos encapuchados que llevaban tablas, entraron a las instalaciones de la UAdeO y se dirigieron con dos j\u00f3venes, a quienes les quitaron las ropas y los azotaron frente a sus compa\u00f1eros, hechos que se divulgaron en redes sociales, report\u00f3 \u201cLa Jornada\u201d.<\/p>\n\n\n\n<p>Los individuos no identificados colgaron a los j\u00f3venes cartulinas con mensajes en los cuales se les atribuy\u00f3 vender vapeadores, se les denomin\u00f3 \u201cchapulines\u201d (vendedores de droga y\/o rateros) y se advirti\u00f3 que ya tienen ubicados a otras personas que expenden estupefacientes, as\u00ed como cigarrillos electr\u00f3nicos.<\/p>\n\n\n\n<p>EN COLIMA<\/p>\n\n\n\n<p>Cuatro personas fueron agredidas a balazos tarde de ayer dentro del pante\u00f3n municipal de Colima, de los cuales tres terminaron sin signos vitales luego de recibir m\u00faltiples impactos de bala en la cabeza y pecho.<\/p>\n\n\n\n<p>Mientras que la persona que logr\u00f3 sobrevivir al ataque, tambi\u00e9n recibi\u00f3 balazos en diferentes partes del cuerpo, seg\u00fan una nota informativa de \u201cMilenio\u201d.<\/p>\n\n\n\n<p>EN TIJUANA<\/p>\n\n\n\n<p>Una agente de la Polic\u00eda Municipal fue atacada a balazos la noche de este lunes mientras transitaba en un veh\u00edculo particular sobre el bulevar Insurgentes, a la altura de la colonia Los \u00c1lamos en la ciudad de Tijuana.<\/p>\n\n\n\n<p>Los hechos ocurrieron cerca de las 19:00 horas y, de acuerdo al reporte policial, la agente circulaba en un veh\u00edculo marca Honda Fit con placas de California, cuando unos sujetos la abordaron y le dispararon en repetidas ocasiones, refiere informaci\u00f3n de \u201cEl Heraldo de M\u00e9xico\u201d.<\/p>\n","protected":false},"excerpt":{"rendered":"<p>Redacci\u00f3n\/Zona Roja Cdmx. Ciudad de M\u00e9xico, a 5 de diciembre de 2023.- Este lunes 4&hellip;<\/p>\n","protected":false},"author":2,"featured_media":62869,"comment_status":"closed","ping_status":"open","sticky":false,"template":"","format":"standard","meta":{"_lmt_disableupdate":"","_lmt_disable":"","_jetpack_memberships_contains_paid_content":false,"footnotes":""},"categories":[109,51],"tags":[3745],"class_list":["post-62867","post","type-post","status-publish","format-standard","has-post-thumbnail","hentry","category-minuto-a-minuto","category-zona-roja","tag-universitarios-celaya"],"jetpack_featured_media_url":"https:\/\/zonaroja.com.mx\/wp-content\/uploads\/2023\/12\/Jovenes-asesinados-Celaya-Guanajuato.jpg","jetpack_sharing_enabled":true,"_links":{"self":[{"href":"https:\/\/zonaroja.com.mx\/index.php?rest_route=\/wp\/v2\/posts\/62867","targetHints":{"allow":["GET"]}}],"collection":[{"href":"https:\/\/zonaroja.com.mx\/index.php?rest_route=\/wp\/v2\/posts"}],"about":[{"href":"https:\/\/zonaroja.com.mx\/index.php?rest_route=\/wp\/v2\/types\/post"}],"author":[{"embeddable":true,"href":"https:\/\/zonaroja.com.mx\/index.php?rest_route=\/wp\/v2\/users\/2"}],"replies":[{"embeddable":true,"href":"https:\/\/zonaroja.com.mx\/index.php?rest_route=%2Fwp%2Fv2%2Fcomments&post=62867"}],"version-history":[{"count":1,"href":"https:\/\/zonaroja.com.mx\/index.php?rest_route=\/wp\/v2\/posts\/62867\/revisions"}],"predecessor-version":[{"id":62870,"href":"https:\/\/zonaroja.com.mx\/index.php?rest_route=\/wp\/v2\/posts\/62867\/revisions\/62870"}],"wp:featuredmedia":[{"embeddable":true,"href":"https:\/\/zonaroja.com.mx\/index.php?rest_route=\/wp\/v2\/media\/62869"}],"wp:attachment":[{"href":"https:\/\/zonaroja.com.mx\/index.php?rest_route=%2Fwp%2Fv2%2Fmedia&parent=62867"}],"wp:term":[{"taxonomy":"category","embeddable":true,"href":"https:\/\/zonaroja.com.mx\/index.php?rest_route=%2Fwp%2Fv2%2Fcategories&post=62867"},{"taxonomy":"post_tag","embeddable":true,"href":"https:\/\/zonaroja.com.mx\/index.php?rest_route=%2Fwp%2Fv2%2Ftags&post=62867"}],"curies":[{"name":"wp","href":"https:\/\/api.w.org\/{rel}","templated":true}]}}