{"id":62871,"date":"2023-12-05T08:30:00","date_gmt":"2023-12-05T14:30:00","guid":{"rendered":"http:\/\/www.zonaroja.com.mx\/?p=62871"},"modified":"2023-12-05T07:16:41","modified_gmt":"2023-12-05T13:16:41","slug":"se-deslinda-multi-de-crimenes-en-copala-dice-que-es-estrategia-del-mult","status":"publish","type":"post","link":"https:\/\/zonaroja.com.mx\/?p=62871","title":{"rendered":"Se deslinda MULTI de cr\u00edmenes en Copala; dice que es estrategia del MULT"},"content":{"rendered":"\n<p>Ismael Garc\u00eda M.\/Zona Roja.<\/p>\n\n\n\n<p>Oaxaca de Ju\u00e1rez, Oax., a 5 de diciembre de 2023.- La organizaci\u00f3n Movimiento de Unificaci\u00f3n y Lucha Triqui Independiente se deslind\u00f3 del ataque armado ocurrido el pasado s\u00e1bado, con saldo de una persona fallecida y una lesionada.<\/p>\n\n\n\n<p>Culp\u00f3 al MULT de esos hechos violentos; desminti\u00f3 que hayan ocurrido en Yosoyuxi Coapala, sino en San Juan Copala, y lo calific\u00f3 como una estrategia de esa agrupaci\u00f3n para descarrilar la mesa de di\u00e1logo reci\u00e9n convenida con la Secretar\u00eda de Gobernaci\u00f3n (Segob).<\/p>\n\n\n\n<p>\u201cAnte la inminente instalaci\u00f3n de las mesas de di\u00e1logo acordadas con la Segob, los caciques y sus paramilitares leales a su modus operandi, est\u00e1n haciendo todo lo posible con tal de obstaculizar esta ruta\u201d, difundi\u00f3 en un comunicado emitido anoche.<\/p>\n\n\n\n<p>Destac\u00f3 que en el marco de la caravana que efectuaron desde hace m\u00e1s de una semana en la Ciudad de M\u00e9xico, se convino con Gobernaci\u00f3n iniciar el proceso de retorno seguro de los desplazados de Tierra Blanca Copala, Santiago Juxtlahuaca.<\/p>\n\n\n\n<p>\u201cSin embargo, a partir del momento en que se hizo p\u00fablico este acuerdo, los caciques y sus paramilitares dieron inicio con una campa\u00f1a de desprestigio contra los que impulsamos mecanismos de pacificaci\u00f3n e hicieron p\u00fablica su negativa de participar en las mesas de trabajo, convocadas por el gobierno federal\u201d.<\/p>\n\n\n\n<p>\u201cHoy, los caciques salen a los medios y a la sociedad, a decir que no van a participar en las mesas de di\u00e1logo, debido a este hecho de violencia, tal pareciera que la p\u00e9rdida de vidas humanas resulta muy favorable para su posici\u00f3n de oponerse al proceso\u201d.<\/p>\n\n\n\n<p>De la persona asesinada a balazos el fin de semana, el MULTI destac\u00f3 que Mario Reyes, siete meses atr\u00e1s, ya hab\u00eda sido v\u00edctima de otro hecho de violencia en los Estados Unidos, \u201cpor parte de integrantes del propio MULT radicados en este mismo pa\u00eds vecino. Adem\u00e1s, hay que aclarar que los hechos no sucedieron en Yosoyuxi, Copala, como lo est\u00e1 queriendo dar a conocer el MULT, por conveniencia pol\u00edtica, sino en la zona de La Joya, cerca de la desviaci\u00f3n a San Juan Copala, lugar que se encuentra como a dos kil\u00f3metros de Yosoyuxi\u201d.<\/p>\n","protected":false},"excerpt":{"rendered":"<p>Ismael Garc\u00eda M.\/Zona Roja. Oaxaca de Ju\u00e1rez, Oax., a 5 de diciembre de 2023.- La&hellip;<\/p>\n","protected":false},"author":2,"featured_media":62872,"comment_status":"closed","ping_status":"open","sticky":false,"template":"","format":"standard","meta":{"_lmt_disableupdate":"","_lmt_disable":"","_jetpack_memberships_contains_paid_content":false,"footnotes":""},"categories":[109,47],"tags":[1712],"class_list":["post-62871","post","type-post","status-publish","format-standard","has-post-thumbnail","hentry","category-minuto-a-minuto","category-zona-gris","tag-tierra-blanca-copala"],"jetpack_featured_media_url":"https:\/\/zonaroja.com.mx\/wp-content\/uploads\/2023\/12\/Asesinados-Copala-Triqui-Juxtlahuaca-2-dic.jpg","jetpack_sharing_enabled":true,"_links":{"self":[{"href":"https:\/\/zonaroja.com.mx\/index.php?rest_route=\/wp\/v2\/posts\/62871","targetHints":{"allow":["GET"]}}],"collection":[{"href":"https:\/\/zonaroja.com.mx\/index.php?rest_route=\/wp\/v2\/posts"}],"about":[{"href":"https:\/\/zonaroja.com.mx\/index.php?rest_route=\/wp\/v2\/types\/post"}],"author":[{"embeddable":true,"href":"https:\/\/zonaroja.com.mx\/index.php?rest_route=\/wp\/v2\/users\/2"}],"replies":[{"embeddable":true,"href":"https:\/\/zonaroja.com.mx\/index.php?rest_route=%2Fwp%2Fv2%2Fcomments&post=62871"}],"version-history":[{"count":1,"href":"https:\/\/zonaroja.com.mx\/index.php?rest_route=\/wp\/v2\/posts\/62871\/revisions"}],"predecessor-version":[{"id":62873,"href":"https:\/\/zonaroja.com.mx\/index.php?rest_route=\/wp\/v2\/posts\/62871\/revisions\/62873"}],"wp:featuredmedia":[{"embeddable":true,"href":"https:\/\/zonaroja.com.mx\/index.php?rest_route=\/wp\/v2\/media\/62872"}],"wp:attachment":[{"href":"https:\/\/zonaroja.com.mx\/index.php?rest_route=%2Fwp%2Fv2%2Fmedia&parent=62871"}],"wp:term":[{"taxonomy":"category","embeddable":true,"href":"https:\/\/zonaroja.com.mx\/index.php?rest_route=%2Fwp%2Fv2%2Fcategories&post=62871"},{"taxonomy":"post_tag","embeddable":true,"href":"https:\/\/zonaroja.com.mx\/index.php?rest_route=%2Fwp%2Fv2%2Ftags&post=62871"}],"curies":[{"name":"wp","href":"https:\/\/api.w.org\/{rel}","templated":true}]}}