{"id":62874,"date":"2023-12-05T09:30:00","date_gmt":"2023-12-05T15:30:00","guid":{"rendered":"http:\/\/www.zonaroja.com.mx\/?p=62874"},"modified":"2023-12-05T07:20:48","modified_gmt":"2023-12-05T13:20:48","slug":"con-capacitacion-de-juzgadores-poder-judicial-humaniza-imparticion-de-justicia","status":"publish","type":"post","link":"https:\/\/zonaroja.com.mx\/?p=62874","title":{"rendered":"Con capacitaci\u00f3n de juzgadores, Poder Judicial humaniza impartici\u00f3n de justicia"},"content":{"rendered":"\n<p>Redacci\u00f3n\/Zona Roja.<\/p>\n\n\n\n<p>Oaxaca de Ju\u00e1rez, Oax., a 5 de diciembre de 2023.- En la administraci\u00f3n del magistrado Eduardo Pinacho S\u00e1nchez, la formaci\u00f3n especializada y profesionalizaci\u00f3n con apego a los principios de excelencia, objetividad, imparcialidad y \u00e9tica, constituye uno de los ejes principales del Poder Judicial del Estado, aunado a que contribuye en la humanizaci\u00f3n del servicio que se brinda a la sociedad.<\/p>\n\n\n\n<p>Ante el contexto actual&nbsp;donde la tecnolog\u00eda ha cambiado las din\u00e1micas de competencia;&nbsp;a&nbsp;trav\u00e9s de la Escuela Judicial&nbsp;durante 2023 se realizaron un total de 35 actividades&nbsp;acad\u00e9micas, de ellas,&nbsp;23 fueron presenciales, 10 virtuales e igual n\u00famero h\u00edbridas, invirti\u00e9ndose por todas 428 horas de capacitaci\u00f3n a 2,670 participantes.&nbsp;<\/p>\n\n\n\n<p>Con la concreci\u00f3n de la Maestr\u00eda en Derecho Judicial,&nbsp;dise\u00f1ada por&nbsp;el Poder Judicial&nbsp;del Estado&nbsp;en conjunto con la Universidad de Perugia, Italia,&nbsp;Oaxaca se convirti\u00f3 en referencia internacional en materia de capacitaci\u00f3n, formaci\u00f3n y especializaci\u00f3n. Actualmente&nbsp;est\u00e1 por concluir los estudios de la primera generaci\u00f3n 2022\u20132024&nbsp;y&nbsp;pr\u00f3ximamente iniciar\u00e1 el programa acad\u00e9mico&nbsp;la&nbsp;segunda generaci\u00f3n.<\/p>\n\n\n\n<p>Por otra parte, cada a\u00f1o se&nbsp;realizan&nbsp;los&nbsp;Estudios de Especializaci\u00f3n Judicial en Derecho Civil-Mercantil, Derecho Familiar, Derecho Penal Sustantivo, Derechos Humanos y Sistema Acusatorio Penal, lo que permite actualizar a servidoras y servidores p\u00fablicos de la instituci\u00f3n junto con abogados de la comunidad jur\u00eddica, sobre herramientas innovadoras que les permitan hacer frente a los nuevos retos.&nbsp;<\/p>\n\n\n\n<p>Como parte de sus actividades de capacitaci\u00f3n, la Escuela Judicial distribuy\u00f3&nbsp;el Manual del Alcalde en versi\u00f3n impresa&nbsp;a autoridades&nbsp;municipales.&nbsp;Adem\u00e1s, distribuy\u00f3&nbsp;la Gu\u00eda b\u00e1sica para administrar la justicia, la cual fomenta la comprensi\u00f3n de derechos y responsabilidades ciudadanas, as\u00ed como la capacidad de abordar situaciones legales de manera informada y \u00e9tica.<\/p>\n","protected":false},"excerpt":{"rendered":"<p>Redacci\u00f3n\/Zona Roja. Oaxaca de Ju\u00e1rez, Oax., a 5 de diciembre de 2023.- En la administraci\u00f3n&hellip;<\/p>\n","protected":false},"author":2,"featured_media":62875,"comment_status":"closed","ping_status":"open","sticky":false,"template":"","format":"standard","meta":{"_lmt_disableupdate":"","_lmt_disable":"","_jetpack_memberships_contains_paid_content":false,"footnotes":""},"categories":[109,46],"tags":[223],"class_list":["post-62874","post","type-post","status-publish","format-standard","has-post-thumbnail","hentry","category-minuto-a-minuto","category-zona-blanca","tag-poder-judicial-de-oaxaca"],"jetpack_featured_media_url":"https:\/\/zonaroja.com.mx\/wp-content\/uploads\/2023\/12\/Estudios-de-Especializacion-Judicial.jpg","jetpack_sharing_enabled":true,"_links":{"self":[{"href":"https:\/\/zonaroja.com.mx\/index.php?rest_route=\/wp\/v2\/posts\/62874","targetHints":{"allow":["GET"]}}],"collection":[{"href":"https:\/\/zonaroja.com.mx\/index.php?rest_route=\/wp\/v2\/posts"}],"about":[{"href":"https:\/\/zonaroja.com.mx\/index.php?rest_route=\/wp\/v2\/types\/post"}],"author":[{"embeddable":true,"href":"https:\/\/zonaroja.com.mx\/index.php?rest_route=\/wp\/v2\/users\/2"}],"replies":[{"embeddable":true,"href":"https:\/\/zonaroja.com.mx\/index.php?rest_route=%2Fwp%2Fv2%2Fcomments&post=62874"}],"version-history":[{"count":1,"href":"https:\/\/zonaroja.com.mx\/index.php?rest_route=\/wp\/v2\/posts\/62874\/revisions"}],"predecessor-version":[{"id":62876,"href":"https:\/\/zonaroja.com.mx\/index.php?rest_route=\/wp\/v2\/posts\/62874\/revisions\/62876"}],"wp:featuredmedia":[{"embeddable":true,"href":"https:\/\/zonaroja.com.mx\/index.php?rest_route=\/wp\/v2\/media\/62875"}],"wp:attachment":[{"href":"https:\/\/zonaroja.com.mx\/index.php?rest_route=%2Fwp%2Fv2%2Fmedia&parent=62874"}],"wp:term":[{"taxonomy":"category","embeddable":true,"href":"https:\/\/zonaroja.com.mx\/index.php?rest_route=%2Fwp%2Fv2%2Fcategories&post=62874"},{"taxonomy":"post_tag","embeddable":true,"href":"https:\/\/zonaroja.com.mx\/index.php?rest_route=%2Fwp%2Fv2%2Ftags&post=62874"}],"curies":[{"name":"wp","href":"https:\/\/api.w.org\/{rel}","templated":true}]}}