{"id":62885,"date":"2023-12-05T11:48:00","date_gmt":"2023-12-05T17:48:00","guid":{"rendered":"http:\/\/www.zonaroja.com.mx\/?p=62885"},"modified":"2023-12-05T08:05:06","modified_gmt":"2023-12-05T14:05:06","slug":"sigue-batalla-juridica-entre-yaitepec-y-juquila-por-conflicto-agrario","status":"publish","type":"post","link":"https:\/\/zonaroja.com.mx\/?p=62885","title":{"rendered":"Sigue batalla jur\u00eddica entre Yaitepec y Juquila, por conflicto agrario"},"content":{"rendered":"\n<p>Redacci\u00f3n\/Zona Roja.<\/p>\n\n\n\n<p>Oaxaca de Ju\u00e1rez, Oax., a 5 de diciembre de 2023.- En un acto jur\u00eddico hist\u00f3rico el Tribunal Colegiado en Materias Civil y Administrativa del Decimotercer Circuito, en la sentencia emitida en el expediente de amparo en revisi\u00f3n 56\/2023, del 6 de octubre de 2023, orden\u00f3 reponer el procedimiento en el juicio de amparo indirecto 677\/2019 del Juzgado Octavo de Distrito en el Estado, con residencia en San Bartolo Coyotepec, Oaxaca, promovido por la Comunidad de Santiago Yaitepec, a trav\u00e9s del Comisariado de Bienes Comunales.<\/p>\n\n\n\n<p>Lo anterior, toda vez que dicho Juez Octavo de Distrito, el 24 de noviembre de 2022, emiti\u00f3 su sentencia en el sentido de sobreseer el juicio de amparo (desechar el juicio), porque seg\u00fan dicho Juzgado no se agotaron las instancias legales previas, lo que atent\u00f3 contra el principio de definitividad.<\/p>\n\n\n\n<p>En su resoluci\u00f3n el citado Tribunal Colegiado de Circuito analiz\u00f3 que el Juez Federal no fue minucioso en su sentencia al no recabar ni solicitar todo el expediente relacionado con el conflicto agrario a las autoridades se\u00f1aladas como responsables, as\u00ed como tampoco le asisti\u00f3 la raz\u00f3n en su argumento de que el quejoso debi\u00f3 agotar el principio de definitividad, de ah\u00ed que dicha sentencia fue revocada por el Tribunal de alzada.<\/p>\n\n\n\n<p>Ante ello, el asunto se devuelve al Juzgado de Octavo de Distrito, y con ello recobra vigencia la suspensi\u00f3n definitiva solicitada en el juicio de amparo inicial, en la que se reconoce que la Comunidad de Yaitepec, conserva la posesi\u00f3n de las tierras en conflicto con Santa Catarina Juquila hasta en tanto se dicte una nueva sentencia de amparo apegada a la Constituci\u00f3n federal.<\/p>\n\n\n\n<p>En un comunicad de prensa emitido ayer por el Comisariado de Bienes Comunales y el Consejo de Vigilancia, inform\u00f3 de la determinaci\u00f3n hist\u00f3rica.<\/p>\n\n\n\n<p>\u201cPor tal motivo, solicitamos al Juez Octavo de Distrito, que emita una sentencia en apego a la Constituci\u00f3n Federal, a la Ley aplicable y al principio de interculturalidad, al ser Yaitepec una comunidad ind\u00edgena chatina\u201d, destac\u00f3.<\/p>\n","protected":false},"excerpt":{"rendered":"<p>Redacci\u00f3n\/Zona Roja. Oaxaca de Ju\u00e1rez, Oax., a 5 de diciembre de 2023.- En un acto&hellip;<\/p>\n","protected":false},"author":2,"featured_media":6566,"comment_status":"closed","ping_status":"open","sticky":false,"template":"","format":"standard","meta":{"_lmt_disableupdate":"","_lmt_disable":"","_jetpack_memberships_contains_paid_content":false,"footnotes":""},"categories":[109,47],"tags":[556],"class_list":["post-62885","post","type-post","status-publish","format-standard","has-post-thumbnail","hentry","category-minuto-a-minuto","category-zona-gris","tag-conflicto-yaitepec-juquila"],"jetpack_featured_media_url":"https:\/\/zonaroja.com.mx\/wp-content\/uploads\/2019\/12\/Santiago-Yaitepec.jpg","jetpack_sharing_enabled":true,"_links":{"self":[{"href":"https:\/\/zonaroja.com.mx\/index.php?rest_route=\/wp\/v2\/posts\/62885","targetHints":{"allow":["GET"]}}],"collection":[{"href":"https:\/\/zonaroja.com.mx\/index.php?rest_route=\/wp\/v2\/posts"}],"about":[{"href":"https:\/\/zonaroja.com.mx\/index.php?rest_route=\/wp\/v2\/types\/post"}],"author":[{"embeddable":true,"href":"https:\/\/zonaroja.com.mx\/index.php?rest_route=\/wp\/v2\/users\/2"}],"replies":[{"embeddable":true,"href":"https:\/\/zonaroja.com.mx\/index.php?rest_route=%2Fwp%2Fv2%2Fcomments&post=62885"}],"version-history":[{"count":1,"href":"https:\/\/zonaroja.com.mx\/index.php?rest_route=\/wp\/v2\/posts\/62885\/revisions"}],"predecessor-version":[{"id":62886,"href":"https:\/\/zonaroja.com.mx\/index.php?rest_route=\/wp\/v2\/posts\/62885\/revisions\/62886"}],"wp:featuredmedia":[{"embeddable":true,"href":"https:\/\/zonaroja.com.mx\/index.php?rest_route=\/wp\/v2\/media\/6566"}],"wp:attachment":[{"href":"https:\/\/zonaroja.com.mx\/index.php?rest_route=%2Fwp%2Fv2%2Fmedia&parent=62885"}],"wp:term":[{"taxonomy":"category","embeddable":true,"href":"https:\/\/zonaroja.com.mx\/index.php?rest_route=%2Fwp%2Fv2%2Fcategories&post=62885"},{"taxonomy":"post_tag","embeddable":true,"href":"https:\/\/zonaroja.com.mx\/index.php?rest_route=%2Fwp%2Fv2%2Ftags&post=62885"}],"curies":[{"name":"wp","href":"https:\/\/api.w.org\/{rel}","templated":true}]}}