{"id":6290,"date":"2019-12-02T21:51:48","date_gmt":"2019-12-03T03:51:48","guid":{"rendered":"http:\/\/www.zonaroja.com.mx\/?p=6290"},"modified":"2019-12-02T21:51:52","modified_gmt":"2019-12-03T03:51:52","slug":"medicos-a-favor-de-la-vida-presentaran-amparos-contra-legalizacion-del-aborto","status":"publish","type":"post","link":"https:\/\/zonaroja.com.mx\/?p=6290","title":{"rendered":"M\u00e9dicos a favor de la vida presentar\u00e1n amparos contra legalizaci\u00f3n del aborto"},"content":{"rendered":"\n<p>Redacci\u00f3n\/Zona Roja.<\/p>\n\n\n\n<p>Oaxaca de Ju\u00e1rez, Oax., 2 de diciembre\nde 2019.- Integrantes de la agrupaci\u00f3n \u201c\u00c1rea M\u00e9dica por la Vida en Oaxaca\u201d\nanunci\u00f3 que este martes interpondr\u00e1n en los juzgados de Distrito del Poder\nJudicial federal, amparos contra la legalizaci\u00f3n del aborto.<\/p>\n\n\n\n<p>Alrededor del mediod\u00eda acudir\u00e1n a la\ninstancia judicial, ubicada en San Bartolo Coyotepec, para pedir la protecci\u00f3n\nde la justicia contra las modificaciones aprobadas por la 64 Legislatura al\nC\u00f3digo Penal del Estado de Oaxaca, el pasado 25 de septiembre, y publicadas por\nel Ejecutivo del Estado en el Peri\u00f3dico Oficial el 24 de octubre del presente\na\u00f1o.<\/p>\n\n\n\n<p>La ma\u00f1ana de este lunes en conferencia\nde prensa, se pronunciaron como m\u00e9dicos por el respeto irrestricto a la vida de\nlos seres humanos como derecho fundamental sobre el cual se cimienta cualquier\notro derecho. <\/p>\n\n\n\n<p>\u201cAfirmamos, sin ambig\u00fcedades, la\nexistencia de una nueva vida humana desde el momento de la fecundaci\u00f3n. Con\nbase en los datos cient\u00edficos y m\u00e9dicos verificables, sostenemos que desde la\nuni\u00f3n del \u00f3vulo con el espermatozoide existe ya un nuevo ser humano, diferente\nal de sus progenitores, que est\u00e1 en potencia de desarrollar su personalidad\nindividual desde ese momento hasta su muerte natural.<\/p>\n\n\n\n<p>\u201cAfirmamos que el embarazo no es un proceso patol\u00f3gico que requiera alg\u00fan tratamiento o procedimiento para combatirlo, es un proceso natural, que implica cambios en la mujer para lograr el desarrollo del nuevo ser humano. Este nuevo ser, constituye desde ese momento, un cuerpo humano con una carga gen\u00e9tica propia, integridad, dignidad y derechos humanos propios e independientes a los del cuerpo de la madre\u201d, se\u00f1alaron.<\/p>\n\n\n\n<figure class=\"wp-block-embed-twitter wp-block-embed is-type-rich is-provider-twitter\"><div class=\"wp-block-embed__wrapper\">\n<div class=\"twitter-tweet\"><blockquote class=\"twitter-tweet\" data-lang=\"es\"><p lang=\"es\" dir=\"ltr\">M\u00e9dicos a favor de la vida, reiteran este lunes su rechazo a la legalizaci\u00f3n de la pr\u00e1ctica del aborto en <a href=\"https:\/\/twitter.com\/hashtag\/Oaxaca?src=hash&amp;ref_src=twsrc%5Etfw\">#Oaxaca<\/a>; adem\u00e1s, en hospitales y cl\u00ednicas de los <a href=\"https:\/\/twitter.com\/SSO_GobOax?ref_src=twsrc%5Etfw\">@SSO_GobOax<\/a> no hay ni medicamentos ni equipos, denuncian. <a href=\"https:\/\/t.co\/EcASeMQ98U\">pic.twitter.com\/EcASeMQ98U<\/a><\/p>&mdash; Zona Roja Oaxaca (@MexRoja) <a href=\"https:\/\/twitter.com\/MexRoja\/status\/1201546152472186882?ref_src=twsrc%5Etfw\">2 de diciembre de 2019<\/a><\/blockquote><\/div>\n<\/div><\/figure>\n\n\n\n<p>Precisaron que el aborto inducido es un\nprocedimiento en el cual se provoca la muerte de un ser humano, \u201cesto es un asesinato,\nque atenta a nuestra \u00e9tica m\u00e9dica, nosotros juramos proteger la vida, el\njuramento Hipocr\u00e1tico dicta textualmente en uno de sus p\u00e1rrafos: \u2018Jam\u00e1s dar\u00e9 a\nnadie medicamento mortal, por mucho que me soliciten, ni tomar\u00e9 iniciativa\nalguna de este tipo; tampoco administrar\u00e9 abortivo a mujer alguna. Por el\ncontrario, vivir\u00e9 y practicar\u00e9 mi arte de forma santa y pura\u2019\u201d.<\/p>\n\n\n\n<p>Agregaron que el actual sistema de\nsalud tiene claras deficiencias que se vive todos los d\u00edas para salvar vidas, \u201cpor\nlo anterior todos lo que trabajos en este sector de salud, m\u00e9dicos enfermeras,\npsic\u00f3logos, y personal en salud en general, sabemos que el aborto es un\nprocedimiento que no brinda salud sino muerte y por lo tanto va en contra de\nnuestras funciones y recursos\u201d.<\/p>\n\n\n\n<p>Reiteraron su absoluto rechazo a las\nreformas aprobadas por el Congreso local por considerarlas inconstitucionales e\nileg\u00ectimas.<\/p>\n\n\n\n<p>Demandaron a los diputados que votaron\na favor de las modificaciones del C\u00f3digo Penal en lo referente al aborto, \u201cse\nretracten de su iniciativa y que se abstengan de cualquier intento de modificar\nla Constituci\u00f3n Pol\u00edtica de nuestro estado para dar entrada a pretensiones\nabortistas\u201d. <\/p>\n\n\n\n<p>Al gobernador Alejandro Murat Hinojosa\ndemandaron que en el uso de sus facultades y de su responsabilidad con los\noaxaque\u00f1os, en especial con los m\u00e1s vulnerables, \u201cse exprese de manera clara y\ncontundente por el derecho a la vida de todos los oaxaque\u00f1os desde su\nconcepci\u00f3n y el rechazo al aborto en nuestro estado\u201d.<\/p>\n\n\n\n<p>Adem\u00e0s, que garantice a quienes\nejercemos el servicio de la salud, la integridad de la profesi\u00f3n m\u00e8dica \u201cy la\nlibertad de poder trabajar salvando vidas sin represiones ni leyes que\nenvilezcan nuestro trabajo, en la conciencia de que hacemos lo correcto\u201d.<\/p>\n","protected":false},"excerpt":{"rendered":"<p>Redacci\u00f3n\/Zona Roja. Oaxaca de Ju\u00e1rez, Oax., 2 de diciembre de 2019.- Integrantes de la agrupaci\u00f3n&hellip;<\/p>\n","protected":false},"author":2,"featured_media":6291,"comment_status":"closed","ping_status":"open","sticky":false,"template":"","format":"standard","meta":{"_lmt_disableupdate":"","_lmt_disable":"","_jetpack_memberships_contains_paid_content":false,"footnotes":""},"categories":[109,46],"tags":[1089],"class_list":["post-6290","post","type-post","status-publish","format-standard","has-post-thumbnail","hentry","category-minuto-a-minuto","category-zona-blanca","tag-area-medica-a-favor-de-la-vida"],"jetpack_featured_media_url":"https:\/\/zonaroja.com.mx\/wp-content\/uploads\/2019\/12\/IMG_4494.jpg","jetpack_sharing_enabled":true,"_links":{"self":[{"href":"https:\/\/zonaroja.com.mx\/index.php?rest_route=\/wp\/v2\/posts\/6290","targetHints":{"allow":["GET"]}}],"collection":[{"href":"https:\/\/zonaroja.com.mx\/index.php?rest_route=\/wp\/v2\/posts"}],"about":[{"href":"https:\/\/zonaroja.com.mx\/index.php?rest_route=\/wp\/v2\/types\/post"}],"author":[{"embeddable":true,"href":"https:\/\/zonaroja.com.mx\/index.php?rest_route=\/wp\/v2\/users\/2"}],"replies":[{"embeddable":true,"href":"https:\/\/zonaroja.com.mx\/index.php?rest_route=%2Fwp%2Fv2%2Fcomments&post=6290"}],"version-history":[{"count":1,"href":"https:\/\/zonaroja.com.mx\/index.php?rest_route=\/wp\/v2\/posts\/6290\/revisions"}],"predecessor-version":[{"id":6292,"href":"https:\/\/zonaroja.com.mx\/index.php?rest_route=\/wp\/v2\/posts\/6290\/revisions\/6292"}],"wp:featuredmedia":[{"embeddable":true,"href":"https:\/\/zonaroja.com.mx\/index.php?rest_route=\/wp\/v2\/media\/6291"}],"wp:attachment":[{"href":"https:\/\/zonaroja.com.mx\/index.php?rest_route=%2Fwp%2Fv2%2Fmedia&parent=6290"}],"wp:term":[{"taxonomy":"category","embeddable":true,"href":"https:\/\/zonaroja.com.mx\/index.php?rest_route=%2Fwp%2Fv2%2Fcategories&post=6290"},{"taxonomy":"post_tag","embeddable":true,"href":"https:\/\/zonaroja.com.mx\/index.php?rest_route=%2Fwp%2Fv2%2Ftags&post=6290"}],"curies":[{"name":"wp","href":"https:\/\/api.w.org\/{rel}","templated":true}]}}