{"id":62909,"date":"2023-12-06T09:25:00","date_gmt":"2023-12-06T15:25:00","guid":{"rendered":"http:\/\/www.zonaroja.com.mx\/?p=62909"},"modified":"2023-12-05T21:52:52","modified_gmt":"2023-12-06T03:52:52","slug":"auditoria-detecta-irregularidades-por-100-mdp-al-gobierno-de-neri-edil-refuta-y-justifica","status":"publish","type":"post","link":"https:\/\/zonaroja.com.mx\/?p=62909","title":{"rendered":"Auditor\u00eda detecta irregularidades por 100 MDP al gobierno de Neri; edil refuta y justifica"},"content":{"rendered":"\n<p>Yuridiana Sosa\/Zona Roja.<\/p>\n\n\n\n<p>Oaxaca de Ju\u00e1rez, Oax., a 6 de diciembre de 2023.- El \u00d3rgano Superior de Fiscalizaci\u00f3n del Estado de Oaxaca realiz\u00f3 observaciones por 100 millones de pesos al gobierno municipal de Oaxaca de Ju\u00e1rez que encabeza Francisco Mart\u00ednez Neri.<\/p>\n\n\n\n<p>En entrevista con Humberto Cruz, durante la primera emisi\u00f3n del noticiero de Organizaci\u00f3n Radiof\u00f3nica de Oaxaca, el presidente municipal indic\u00f3 sobre el se\u00f1alamiento fiscal correspondiente al ejercicio fiscal 2022, la cual tambi\u00e9n justific\u00f3.<\/p>\n\n\n\n<p>Mart\u00ednez Neri asegur\u00f3 que los 100 millones de pesos s\u00ed se comprobaron, por lo que plante\u00f3 la posibilidad que el \u00f3rgano fiscalizador \u201ctraspapel\u00f3\u201d la documentaci\u00f3n correspondiente de esos gastos.<\/p>\n\n\n\n<p>\u201cSon comprobaciones que supuestamente no hicimos, pero s\u00ed se hicieron. Entiendo que por la carga de trabajo o falta de valoraci\u00f3n no se observaron\u201d, manifest\u00f3 el presidente de la capital del estado.<\/p>\n\n\n\n<p>El edil insisti\u00f3, \u201ctodo lo que hemos gastado lo hemos comprobado y lo hemos gastado bien\u201d, por lo que tendr\u00e1 que reunirse con el OSFEO en mesas de trabajo para realizar los se\u00f1alamientos que cumplan con las observaciones.<\/p>\n\n\n\n<p>Mart\u00ednez Neri dijo que cuentan con 30 d\u00edas para dar contestaci\u00f3n al \u00d3rgano Superior de Fiscalizaci\u00f3n de Oaxaca.<\/p>\n\n\n\n<p>Durante dicha entrevista, agreg\u00f3 que el gobierno municipal ha gastado hasta el momento 250 millones de pesos en el traslado de la basura de la capital hacia los estados de Puebla y Veracruz.<\/p>\n\n\n\n<p>As\u00ed como enfatiz\u00f3 su inter\u00e9s de buscar la reelecci\u00f3n para seguir al frente del gobierno capitalino, pues asegur\u00f3 que existe una aceptaci\u00f3n positiva a su administraci\u00f3n.<\/p>\n","protected":false},"excerpt":{"rendered":"<p>Yuridiana Sosa\/Zona Roja. Oaxaca de Ju\u00e1rez, Oax., a 6 de diciembre de 2023.- El \u00d3rgano&hellip;<\/p>\n","protected":false},"author":2,"featured_media":62895,"comment_status":"closed","ping_status":"open","sticky":false,"template":"","format":"standard","meta":{"_lmt_disableupdate":"","_lmt_disable":"","_jetpack_memberships_contains_paid_content":false,"footnotes":""},"categories":[109,47],"tags":[2418],"class_list":["post-62909","post","type-post","status-publish","format-standard","has-post-thumbnail","hentry","category-minuto-a-minuto","category-zona-gris","tag-francisco-martinez-neri"],"jetpack_featured_media_url":"https:\/\/zonaroja.com.mx\/wp-content\/uploads\/2023\/12\/Francisco-Martinez-Neri.jpg","jetpack_sharing_enabled":true,"_links":{"self":[{"href":"https:\/\/zonaroja.com.mx\/index.php?rest_route=\/wp\/v2\/posts\/62909","targetHints":{"allow":["GET"]}}],"collection":[{"href":"https:\/\/zonaroja.com.mx\/index.php?rest_route=\/wp\/v2\/posts"}],"about":[{"href":"https:\/\/zonaroja.com.mx\/index.php?rest_route=\/wp\/v2\/types\/post"}],"author":[{"embeddable":true,"href":"https:\/\/zonaroja.com.mx\/index.php?rest_route=\/wp\/v2\/users\/2"}],"replies":[{"embeddable":true,"href":"https:\/\/zonaroja.com.mx\/index.php?rest_route=%2Fwp%2Fv2%2Fcomments&post=62909"}],"version-history":[{"count":1,"href":"https:\/\/zonaroja.com.mx\/index.php?rest_route=\/wp\/v2\/posts\/62909\/revisions"}],"predecessor-version":[{"id":62910,"href":"https:\/\/zonaroja.com.mx\/index.php?rest_route=\/wp\/v2\/posts\/62909\/revisions\/62910"}],"wp:featuredmedia":[{"embeddable":true,"href":"https:\/\/zonaroja.com.mx\/index.php?rest_route=\/wp\/v2\/media\/62895"}],"wp:attachment":[{"href":"https:\/\/zonaroja.com.mx\/index.php?rest_route=%2Fwp%2Fv2%2Fmedia&parent=62909"}],"wp:term":[{"taxonomy":"category","embeddable":true,"href":"https:\/\/zonaroja.com.mx\/index.php?rest_route=%2Fwp%2Fv2%2Fcategories&post=62909"},{"taxonomy":"post_tag","embeddable":true,"href":"https:\/\/zonaroja.com.mx\/index.php?rest_route=%2Fwp%2Fv2%2Ftags&post=62909"}],"curies":[{"name":"wp","href":"https:\/\/api.w.org\/{rel}","templated":true}]}}