{"id":62917,"date":"2023-12-06T15:14:00","date_gmt":"2023-12-06T21:14:00","guid":{"rendered":"http:\/\/www.zonaroja.com.mx\/?p=62917"},"modified":"2023-12-06T07:16:13","modified_gmt":"2023-12-06T13:16:13","slug":"piden-al-gobierno-mexicano-plan-de-accion-claro-para-enfrentar-el-cambio-climatico","status":"publish","type":"post","link":"https:\/\/zonaroja.com.mx\/?p=62917","title":{"rendered":"Piden al gobierno mexicano plan de acci\u00f3n claro para enfrentar el cambio clim\u00e1tico"},"content":{"rendered":"\n<p>Redacci\u00f3n\/Zona Roja Cdmx.<\/p>\n\n\n\n<p>Ciudad de M\u00e9xico, a 6 de diciembre de 2023.- Ante la exigencia del gobierno mexicano en la COP28 de que los pa\u00edses realicen mayores esfuerzos para dar cumplimiento a los compromisos establecidos en el Acuerdo de Par\u00eds, encaminados a limitar el aumento de la temperatura por debajo de 1.5 grados, el pa\u00eds tambi\u00e9n debe adoptar una pol\u00edtica nacional y un plan de acci\u00f3n sobre adaptaci\u00f3n al cambio clim\u00e1tico para ser capaz de responder a eventos como el hurac\u00e1n Otis, se\u00f1al\u00f3 el Centro Mexicano de Derecho Ambiental (Cemda).<\/p>\n\n\n\n<p>La organizaci\u00f3n consider\u00f3 plausible que la postura de M\u00e9xico, presentada por la canciller\u00eda en la cumbre clim\u00e1tica de Dub\u00e1i, reconozca la necesidad de incorporar un enfoque de justicia social frente a la crisis clim\u00e1tica y \u201cnos sumamos al llamado para que durante la COP28 se acuerde un objetivo global de adaptaci\u00f3n centrado en las personas y comunidades m\u00e1s vulnerables\u201d.<\/p>\n\n\n\n<p>Precis\u00f3 que este llamado debe respaldarse con acciones concretas y con los recursos necesarios para llevarlas a cabo. Agreg\u00f3 que M\u00e9xico tambi\u00e9n es uno de los principales emisores de gases de efecto invernadero (GEI) a nivel global y el segundo en Latinoam\u00e9rica.<\/p>\n\n\n\n<p>Mencion\u00f3 que casos como el de la comunidad del Bosque en Tabasco \u2013la cual ha sido desplazada de sus hogares debido al avance del mar\u2013 y las graves afectaciones ocasionadas por el hurac\u00e1n Otis en Acapulco \u201cmuestran que el gobierno carece de recursos etiquetados para adaptaci\u00f3n, as\u00ed como de una ruta de acci\u00f3n clara para enfrentar estas situaciones de manera preventiva, suficiente y adecuada\u201d.<\/p>\n\n\n\n<p>Reconoci\u00f3 el compromiso de que M\u00e9xico genere 35 por ciento de energ\u00eda limpia para 2024, aunque esto se debe acompa\u00f1ar de una ruta de acci\u00f3n con objetivos claros, medidas espec\u00edficas e indicadores medibles, la cual no se ha establecido y esa meta deber\u00eda alcanzarse a trav\u00e9s de energ\u00edas renovables.<\/p>\n\n\n\n<p>Tambi\u00e9n consider\u00f3 relevante el compromiso asumido por M\u00e9xico con el fin de operar el Fondo para la Atenci\u00f3n de las P\u00e9rdidas y Da\u00f1os, as\u00ed como el Fondo de Adaptaci\u00f3n Clim\u00e1tica y Respuesta Integral a Desastres Naturales.<\/p>\n\n\n\n<p>(Informaci\u00f3n de \u201cLa Jornada\u201d)<\/p>\n","protected":false},"excerpt":{"rendered":"<p>Redacci\u00f3n\/Zona Roja Cdmx. Ciudad de M\u00e9xico, a 6 de diciembre de 2023.- Ante la exigencia&hellip;<\/p>\n","protected":false},"author":2,"featured_media":57262,"comment_status":"closed","ping_status":"open","sticky":false,"template":"","format":"standard","meta":{"_lmt_disableupdate":"","_lmt_disable":"","_jetpack_memberships_contains_paid_content":false,"footnotes":""},"categories":[109,47],"tags":[3521],"class_list":["post-62917","post","type-post","status-publish","format-standard","has-post-thumbnail","hentry","category-minuto-a-minuto","category-zona-gris","tag-cambio-climatico"],"jetpack_featured_media_url":"https:\/\/zonaroja.com.mx\/wp-content\/uploads\/2023\/07\/Cambio-climatico-en-el-mundo.jpeg","jetpack_sharing_enabled":true,"_links":{"self":[{"href":"https:\/\/zonaroja.com.mx\/index.php?rest_route=\/wp\/v2\/posts\/62917","targetHints":{"allow":["GET"]}}],"collection":[{"href":"https:\/\/zonaroja.com.mx\/index.php?rest_route=\/wp\/v2\/posts"}],"about":[{"href":"https:\/\/zonaroja.com.mx\/index.php?rest_route=\/wp\/v2\/types\/post"}],"author":[{"embeddable":true,"href":"https:\/\/zonaroja.com.mx\/index.php?rest_route=\/wp\/v2\/users\/2"}],"replies":[{"embeddable":true,"href":"https:\/\/zonaroja.com.mx\/index.php?rest_route=%2Fwp%2Fv2%2Fcomments&post=62917"}],"version-history":[{"count":1,"href":"https:\/\/zonaroja.com.mx\/index.php?rest_route=\/wp\/v2\/posts\/62917\/revisions"}],"predecessor-version":[{"id":62918,"href":"https:\/\/zonaroja.com.mx\/index.php?rest_route=\/wp\/v2\/posts\/62917\/revisions\/62918"}],"wp:featuredmedia":[{"embeddable":true,"href":"https:\/\/zonaroja.com.mx\/index.php?rest_route=\/wp\/v2\/media\/57262"}],"wp:attachment":[{"href":"https:\/\/zonaroja.com.mx\/index.php?rest_route=%2Fwp%2Fv2%2Fmedia&parent=62917"}],"wp:term":[{"taxonomy":"category","embeddable":true,"href":"https:\/\/zonaroja.com.mx\/index.php?rest_route=%2Fwp%2Fv2%2Fcategories&post=62917"},{"taxonomy":"post_tag","embeddable":true,"href":"https:\/\/zonaroja.com.mx\/index.php?rest_route=%2Fwp%2Fv2%2Ftags&post=62917"}],"curies":[{"name":"wp","href":"https:\/\/api.w.org\/{rel}","templated":true}]}}