{"id":62919,"date":"2023-12-06T13:16:00","date_gmt":"2023-12-06T19:16:00","guid":{"rendered":"http:\/\/www.zonaroja.com.mx\/?p=62919"},"modified":"2023-12-06T07:28:37","modified_gmt":"2023-12-06T13:28:37","slug":"inician-en-oaxaca-campana-en-apoyo-a-defensoras-de-derechos-humanos","status":"publish","type":"post","link":"https:\/\/zonaroja.com.mx\/?p=62919","title":{"rendered":"Inician en Oaxaca campa\u00f1a en apoyo a defensoras de derechos humanos"},"content":{"rendered":"\n<p>Ismael Garc\u00eda M.\/Zona Roja.<\/p>\n\n\n\n<p>Oaxaca de Ju\u00e1rez, Oax., a 3 de diciembre de 2023.- En el marco del D\u00eda Internacional de las Mujeres Defensoras de Derechos Humanos, organismos civiles de la entidad lanzaron la campa\u00f1a internacional \u201cLas defensoras en Oaxaca-Luchas diversas, sue\u00f1os colectivos\u201d. &nbsp;<\/p>\n\n\n\n<p>Se trata de una iniciativa que visibiliza la situaci\u00f3n de las defensoras en un contexto de impunidad, graves violaciones y falta de garant\u00edas para su labor, inform\u00f3 la asociaci\u00f3n civil Consorcio Oaxaca.<\/p>\n\n\n\n<p>En un comunicado, detall\u00f3 que esta campa\u00f1a es impulsada por colectivos, organizaciones y redes que aglutinan a m\u00e1s de tres mil personas defensoras que trabajan a favor de los derechos humanos, las personas defensoras y la paz a nivel estatal, nacional, regional e internacional.<\/p>\n\n\n\n<p>\u201cEn base a los registros tanto oficiales como de la sociedad civil, desde hace m\u00e1s de 10 a\u00f1os, Oaxaca se coloca entre los tres estados m\u00e1s peligrosos para quienes defienden derechos humanos, en particular para las mujeres defensoras.<\/p>\n\n\n\n<p>\u201cCon esta campa\u00f1a se visibiliza la situaci\u00f3n de Oaxaca como un bot\u00f3n de muestra, de los contextos e impactos que enfrentan las defensoras en el pa\u00eds y en la regi\u00f3n mesoamericana, atravesados por fen\u00f3menos similares de impunidad generalizada, cifras de muertes violentas y desapariciones propias de pa\u00edses en guerra, macro criminalidad, violencia feminicida exacerbada, imposici\u00f3n de megaproyectos, militarizaci\u00f3n de los territorios, migraci\u00f3n y desplazamiento forzado\u201d, detall\u00f3.<\/p>\n\n\n\n<p>En su comunicado, la asociaci\u00f3n Consorcio expuso que el incremento exponencial de las desapariciones de mujeres es una de las manifestaciones m\u00e1s alarmantes de este contexto de m\u00faltiples crisis.&nbsp;<\/p>\n\n\n\n<p>LAS DESAPARICIONES<\/p>\n\n\n\n<p>\u201cEn Oaxaca, en base a datos ciudadanos, durante el sexenio de Alejandro Murat (2016-2022), dos mil ocho ni\u00f1as y mujeres fueron desaparecidas, mientras que en el primer a\u00f1o de la administraci\u00f3n de Salom\u00f3n Jara ya fueron documentados 379 casos\u201d.<\/p>\n\n\n\n<p>Expuso que la impunidad a su vez, es el principal factor de permisibilidad para la reproducci\u00f3n de la violencia.&nbsp;<\/p>\n\n\n\n<p>\u201cA manera de ejemplo, cabe se\u00f1alar que durante los \u00faltimos cinco a\u00f1os \u00fanicamente fueron emitidas en Oaxaca 29 sentencias por feminicidio, lo que representa menos del 5% de los 631 feminicidios documentados por la sociedad civil en el mismo periodo\u201d.<\/p>\n\n\n\n<p>Expuso algunos casos pendientes como el de Bety Cari\u00f1o, Claudia Uruchurtu, la fotoperiodista Mar\u00eda del Sol Cruz Jarqu\u00edn, y dijo son algunos de los saldos de impunidad que han dejado los sexenios priistas.&nbsp;<\/p>\n\n\n\n<p>\u201cLa criminalizaci\u00f3n de la protesta social, el uso de la tortura y de la detenci\u00f3n arbitraria como represalia a la labor de defensa de derechos humanos es otra de las tendencias de represi\u00f3n en contra de personas defensoras en Oaxaca\u201d.<\/p>\n\n\n\n<p>LAS AGRESIONES<\/p>\n\n\n\n<p>Detall\u00f3 que tan solo en los primeros 10 meses de 2023 y en base a datos preliminares del registro de la Red Nacional de Defensoras de Derechos Humanos en M\u00e9xico, 34 del total de 92 agresiones documentadas contra mujeres defensoras en el estado de Oaxaca ocurrieron en los municipios istme\u00f1os de San Juan Guichicovi y Salina Cruz afectados por el Corredor Interoce\u00e1nico.<\/p>\n\n\n\n<p>Consorcio Oaxaca reproch\u00f3 que el Estado no garantice la protecci\u00f3n a las mujeres defensoras y los pocos que exist\u00edan como la Defensor\u00eda Especializada para la Protecci\u00f3n de Personas Defensoras y Periodistas fueron desmantelados y contin\u00faa pendiente la aprobaci\u00f3n de un paquete legislativo presentado desde agosto 2022 por 38 organizaciones de Oaxaca en materia de protecci\u00f3n a personas defensoras y sanci\u00f3n a responsables de obstaculizaci\u00f3n de la labor.<\/p>\n\n\n\n<p>En la iniciativa participan Consorcio para el Di\u00e1logo Parlamentario y la Equidad Oaxaca, Comunicaci\u00f3n e Informaci\u00f3n de la Mujer A.C. (Cimac), Espacio OSC, Iniciativa Mesoamericana de Mujeres Defensoras de Derechos Humanos.<\/p>\n\n\n\n<p>Red de Mujeres Activistas y Defensoras de Oaxaca, Red Nacional de Mujeres Defensoras de Derechos Humanos en M\u00e9xico, Uni\u00f3n de Comunidades Ind\u00edgenas de la Zona Norte del Istmo, Plataforma por la Paz y los Derechos Humanos \u201cM\u00e9xico \u2013 Uni\u00f3n Europea\u201d.<\/p>\n\n\n\n<p>Cuenta adem\u00e1s con el respaldo del Grupo de Trabajo de Pol\u00edtica Migratoria, la Red Todos los Derechos para Todas y Todos, el Espacio OSC, la Iniciativa Mesoamericana de Mujeres Defensoras, Red de Defensoras de Derechos Humanos, la Red por los Derechos de la Infancia, la Organizaci\u00f3n Mundial contra la Tortura (OMCT), PBI M\u00e9xico, Sipaz, SweFOR, ACAT Francia y Taula per M\u00e8xic, integrantes de la \u201cPlataforma por la Paz y los Derechos Humanos M\u00e9xico \u2013 Uni\u00f3n Europea\u201d.<\/p>\n","protected":false},"excerpt":{"rendered":"<p>Ismael Garc\u00eda M.\/Zona Roja. Oaxaca de Ju\u00e1rez, Oax., a 3 de diciembre de 2023.- En&hellip;<\/p>\n","protected":false},"author":2,"featured_media":50373,"comment_status":"closed","ping_status":"open","sticky":false,"template":"","format":"standard","meta":{"_lmt_disableupdate":"","_lmt_disable":"","_jetpack_memberships_contains_paid_content":false,"footnotes":""},"categories":[109,47],"tags":[],"class_list":["post-62919","post","type-post","status-publish","format-standard","has-post-thumbnail","hentry","category-minuto-a-minuto","category-zona-gris"],"jetpack_featured_media_url":"https:\/\/zonaroja.com.mx\/wp-content\/uploads\/2023\/01\/Defensores-activistas-asesinados.jpeg","jetpack_sharing_enabled":true,"_links":{"self":[{"href":"https:\/\/zonaroja.com.mx\/index.php?rest_route=\/wp\/v2\/posts\/62919","targetHints":{"allow":["GET"]}}],"collection":[{"href":"https:\/\/zonaroja.com.mx\/index.php?rest_route=\/wp\/v2\/posts"}],"about":[{"href":"https:\/\/zonaroja.com.mx\/index.php?rest_route=\/wp\/v2\/types\/post"}],"author":[{"embeddable":true,"href":"https:\/\/zonaroja.com.mx\/index.php?rest_route=\/wp\/v2\/users\/2"}],"replies":[{"embeddable":true,"href":"https:\/\/zonaroja.com.mx\/index.php?rest_route=%2Fwp%2Fv2%2Fcomments&post=62919"}],"version-history":[{"count":1,"href":"https:\/\/zonaroja.com.mx\/index.php?rest_route=\/wp\/v2\/posts\/62919\/revisions"}],"predecessor-version":[{"id":62920,"href":"https:\/\/zonaroja.com.mx\/index.php?rest_route=\/wp\/v2\/posts\/62919\/revisions\/62920"}],"wp:featuredmedia":[{"embeddable":true,"href":"https:\/\/zonaroja.com.mx\/index.php?rest_route=\/wp\/v2\/media\/50373"}],"wp:attachment":[{"href":"https:\/\/zonaroja.com.mx\/index.php?rest_route=%2Fwp%2Fv2%2Fmedia&parent=62919"}],"wp:term":[{"taxonomy":"category","embeddable":true,"href":"https:\/\/zonaroja.com.mx\/index.php?rest_route=%2Fwp%2Fv2%2Fcategories&post=62919"},{"taxonomy":"post_tag","embeddable":true,"href":"https:\/\/zonaroja.com.mx\/index.php?rest_route=%2Fwp%2Fv2%2Ftags&post=62919"}],"curies":[{"name":"wp","href":"https:\/\/api.w.org\/{rel}","templated":true}]}}