{"id":62921,"date":"2023-12-06T12:29:00","date_gmt":"2023-12-06T18:29:00","guid":{"rendered":"http:\/\/www.zonaroja.com.mx\/?p=62921"},"modified":"2023-12-06T07:41:45","modified_gmt":"2023-12-06T13:41:45","slug":"al-menos-63-periodistas-han-sido-asesinados-en-guerra-israel-hamas","status":"publish","type":"post","link":"https:\/\/zonaroja.com.mx\/?p=62921","title":{"rendered":"Al menos 63 periodistas han sido asesinados en guerra Israel-Ham\u00e1s"},"content":{"rendered":"\n<p>Redacci\u00f3n\/Zona Roja Cdmx.<\/p>\n\n\n\n<p>Ciudad de M\u00e9xico, a 6 de diciembre de 2023.- Al menos 63 periodistas han muerto desde que comenz\u00f3 la guerra de Israel con Ham\u00e1s el 7 de octubre, inform\u00f3 ayer el Comit\u00e9 para la Protecci\u00f3n de los Periodistas (CPJ, por sus siglas en ingl\u00e9s).<\/p>\n\n\n\n<p>\u201cUna investigaci\u00f3n preliminar arroj\u00f3 que entre los m\u00e1s de 16 mil fallecidos en este conflicto, hay al menos 63 periodistas y trabajadores de medios de comunicaci\u00f3n\u201d, detalla el reporte en el sitio web del CPJ.<\/p>\n\n\n\n<p>Se precis\u00f3 que 11 periodistas han resultado heridos, tres est\u00e1n desaparecidos y 19 fueron arrestados, de acuerdo con informaci\u00f3n difundida por la agencia internacional Sputnik.<\/p>\n\n\n\n<p>SIGUEN ATAQUES<\/p>\n\n\n\n<p>Israel afirma que sus fuerzas operan ahora \u201cen el coraz\u00f3n\u201d de la segunda ciudad de Gaza en tama\u00f1o, despu\u00e9s de intensificar su bombardeo en la mitad sur del territorio.<\/p>\n\n\n\n<p>Los tanques avanzaban hacia las afueras de Jan Yunis, durante lo que un comandante llam\u00f3 el d\u00eda m\u00e1s intenso de combates desde que comenzaron las operaciones terrestres contra Hamas.&nbsp;<\/p>\n\n\n\n<p>La Organizaci\u00f3n de Naciones Unidas (ONU) advirti\u00f3 que \u201cun escenario a\u00fan m\u00e1s infernal est\u00e1 por desplegarse en la franja de Gaza\u201d, con ataques a\u00e9reos aporreando la zona.<\/p>\n\n\n\n<p>\u201cEl miedo nos estruja el coraz\u00f3n, expuso a \u201cThe Independent\u201d Joumana Hussein, de 24 a\u00f1os, residente de Jan Yunis. \u201cEl sonido de aviones y drones es muy fuerte\u201d.<\/p>\n\n\n\n<p>La coordinadora de Naciones Unidas para el Territorio Palestino Ocupado, Lynn Hastings, dio a conocer que se ha reportado la muerte de m\u00e1s de 700 palestinos desde la reanudaci\u00f3n de hostilidades al t\u00e9rmino de la tregua. Funcionarios palestinos en Gaza, gobernada por Hamas, informaron ayer por la ma\u00f1ana que 349 palestinos murieron en distintas partes de la franja y que 750 resultaron heridos en un periodo de 24 horas antes de la noche del lunes, y que m\u00e1s de 900 han perecido desde el viernes.<\/p>\n\n\n\n<p>\u201cNo existen las condiciones requeridas para entregar ayuda a la gente de Gaza\u201d, acus\u00f3 la funcionaria. \u201cSi tal cosa es posible, un escenario todav\u00eda m\u00e1s infernal est\u00e1 por desplegarse\u201d.<\/p>\n\n\n\n<p>(Informaci\u00f3n de agencias en \u201cLa Jornada\u201d)<\/p>\n","protected":false},"excerpt":{"rendered":"<p>Redacci\u00f3n\/Zona Roja Cdmx. Ciudad de M\u00e9xico, a 6 de diciembre de 2023.- Al menos 63&hellip;<\/p>\n","protected":false},"author":2,"featured_media":55146,"comment_status":"closed","ping_status":"open","sticky":false,"template":"","format":"standard","meta":{"_lmt_disableupdate":"","_lmt_disable":"","_jetpack_memberships_contains_paid_content":false,"footnotes":""},"categories":[109,47],"tags":[2668],"class_list":["post-62921","post","type-post","status-publish","format-standard","has-post-thumbnail","hentry","category-minuto-a-minuto","category-zona-gris","tag-conflicto-gaza-israel"],"jetpack_featured_media_url":"https:\/\/zonaroja.com.mx\/wp-content\/uploads\/2023\/05\/Periodistas-agresion-asesinatos.jpeg","jetpack_sharing_enabled":true,"_links":{"self":[{"href":"https:\/\/zonaroja.com.mx\/index.php?rest_route=\/wp\/v2\/posts\/62921","targetHints":{"allow":["GET"]}}],"collection":[{"href":"https:\/\/zonaroja.com.mx\/index.php?rest_route=\/wp\/v2\/posts"}],"about":[{"href":"https:\/\/zonaroja.com.mx\/index.php?rest_route=\/wp\/v2\/types\/post"}],"author":[{"embeddable":true,"href":"https:\/\/zonaroja.com.mx\/index.php?rest_route=\/wp\/v2\/users\/2"}],"replies":[{"embeddable":true,"href":"https:\/\/zonaroja.com.mx\/index.php?rest_route=%2Fwp%2Fv2%2Fcomments&post=62921"}],"version-history":[{"count":1,"href":"https:\/\/zonaroja.com.mx\/index.php?rest_route=\/wp\/v2\/posts\/62921\/revisions"}],"predecessor-version":[{"id":62922,"href":"https:\/\/zonaroja.com.mx\/index.php?rest_route=\/wp\/v2\/posts\/62921\/revisions\/62922"}],"wp:featuredmedia":[{"embeddable":true,"href":"https:\/\/zonaroja.com.mx\/index.php?rest_route=\/wp\/v2\/media\/55146"}],"wp:attachment":[{"href":"https:\/\/zonaroja.com.mx\/index.php?rest_route=%2Fwp%2Fv2%2Fmedia&parent=62921"}],"wp:term":[{"taxonomy":"category","embeddable":true,"href":"https:\/\/zonaroja.com.mx\/index.php?rest_route=%2Fwp%2Fv2%2Fcategories&post=62921"},{"taxonomy":"post_tag","embeddable":true,"href":"https:\/\/zonaroja.com.mx\/index.php?rest_route=%2Fwp%2Fv2%2Ftags&post=62921"}],"curies":[{"name":"wp","href":"https:\/\/api.w.org\/{rel}","templated":true}]}}