{"id":62931,"date":"2023-12-06T16:23:01","date_gmt":"2023-12-06T22:23:01","guid":{"rendered":"http:\/\/www.zonaroja.com.mx\/?p=62931"},"modified":"2023-12-06T16:23:03","modified_gmt":"2023-12-06T22:23:03","slug":"fracasa-dialogo-de-titular-del-ieepo-con-normalistas-de-enufi-y-retoman-bloqueo","status":"publish","type":"post","link":"https:\/\/zonaroja.com.mx\/?p=62931","title":{"rendered":"Fracasa di\u00e1logo de titular del IEEPO con normalistas de ENUFI y retoman bloqueo"},"content":{"rendered":"\n<p>Yuridiana Sosa\/Zona Roja.<\/p>\n\n\n\n<p>Oaxaca de Ju\u00e1rez, Oax., a 6 de diciembre de 2023.- Despu\u00e9s de casi un mes de bloqueos y protestas por parte de estudiantes de la Escuela Normal Urbana Federal del Istmo (ENUFI), por fin el titular del IEEPO, Emilio Montero P\u00e9rez, se acerc\u00f3 ayer a los inconformes&#8230; pero fracas\u00f3 en su intento de di\u00e1logo y s\u00f3lo recibi\u00f3 reproches.<\/p>\n\n\n\n<p>Los normalistas  retomaron este mi\u00e9rcoles el bloqueo sobre la carretera trans\u00edstmica, tramo Juchit\u00e1n- Tehuantepec, que hab\u00edan iniciado ayer, suspendieron por la noche y reactivaron hoy, en exigencia de una respuesta por parte de autoridades federales y estatales a sus demandas.<\/p>\n\n\n\n<p>Luego que los normalistas no asistieron a la capital del estado a la mesa de di\u00e1logo, el director general del Instituto Estatal de Educaci\u00f3n P\u00fablica de Oaxaca se traslad\u00f3 a la regi\u00f3n del Istmo, hasta el punto de bloqueo que los j\u00f3venes instalaron este martes en jurisdicci\u00f3n de Juchit\u00e1n de Zaragoza.<\/p>\n\n\n\n<p>\u00abEstamos ac\u00e1 precisamente para dialogar, nos informaron que estaba la mesa en Oaxaca, nos dijeron que no pueden ir, entendemos esa parte; nos queda claro que lo que ustedes plantean y que nosotros hemos sido muy respetuosos de sus acciones como normalistas.<\/p>\n\n\n\n<p>\u00abPasamos esa parte tambi\u00e9n como estudiantes y entendemos perfectamente bien lo que plantean, pero creo que lo que nos ha dado equilibrio es respetar la vida interna de las normales, la vida sindical, pero creo que es muy importante escuchar las voces. Somos paisanos y venimos a informar y escuchar\u00bb, dijo.<\/p>\n\n\n\n<p>Pese a sus intenciones, el di\u00e1logo no result\u00f3 efectivo para que cesara la protesta, misma que iniciaron semanas atr\u00e1s con actividades en Ciudad Ixtepec.\u00a0S\u00f3lo recibi\u00f3 reclamos.<\/p>\n\n\n\n<p>De manera informal, Emilio Montero sostuvo un di\u00e1logo de aproximadamente media hora con los normalistas, en donde expusieron nuevamente su exigencia de la renuncia del director del plantel, Gaspar Villalobos y personal directivo, por ser parte del Comit\u00e9 Ejecutivo Seccional.<\/p>\n\n\n\n<p>Adem\u00e1s, se\u00f1alaron que los docentes no han logrado garantizar a los alumnos que no habr\u00e1 represalias por las movilizaciones, al tiempo que tambi\u00e9n asisten a sus domicilios para amedrentarlos y que abandonen su movimiento.<\/p>\n\n\n\n<p>DESCONOCE FUNCIONES<\/p>\n\n\n\n<p>El director del IEEPO, Emilio Montero, reconoci\u00f3 que no tiene certeza de que el director de la ENUFI siga cobrando como docente al formar parte del Comit\u00e9 Ejecutivo de la Secci\u00f3n 22 del SNTE.<\/p>\n\n\n\n<p>En entrevista con los medios informativos de la regi\u00f3n, se\u00f1al\u00f3 que incluso la Secretar\u00eda de Gobernaci\u00f3n federal le consult\u00f3 sobre la condici\u00f3n laboral de los maestros, en el entendido que cuando se ocupa un cargo sindical se debe separar de sus funciones laborales.<\/p>\n\n\n\n<p>\u201cYo s\u00e9 que sus asambleas son s\u00e1bado y domingo, &nbsp;en el entendido que de lunes a viernes &nbsp;est\u00e1n en su funci\u00f3n laboral, no tenemos prueba de lo contrario.<\/p>\n\n\n\n<p>\u201cPorque al tener un cargo sindical dejan de cobrar sus sueldos y en esta parte hay que verificar si el compa\u00f1ero que es docente, que es tutor de tesis, est\u00e1 en una funci\u00f3n que no abandona y si choca con su funci\u00f3n sindical\u201d, indic\u00f3.<\/p>\n\n\n\n<p>Por otra parte, los normalistas tambi\u00e9n demandaron atenci\u00f3n en su infraestructura, entre otras deficiencias en los planteles para sus estudios.<\/p>\n","protected":false},"excerpt":{"rendered":"<p>Yuridiana Sosa\/Zona Roja. Oaxaca de Ju\u00e1rez, Oax., a 6 de diciembre de 2023.- Despu\u00e9s de&hellip;<\/p>\n","protected":false},"author":2,"featured_media":62932,"comment_status":"closed","ping_status":"open","sticky":false,"template":"","format":"standard","meta":{"_lmt_disableupdate":"","_lmt_disable":"","_jetpack_memberships_contains_paid_content":false,"footnotes":""},"categories":[109,47],"tags":[2837],"class_list":["post-62931","post","type-post","status-publish","format-standard","has-post-thumbnail","hentry","category-minuto-a-minuto","category-zona-gris","tag-instituto-estatal-de-educacion-publica-de-oaxaca-ieepo"],"jetpack_featured_media_url":"https:\/\/zonaroja.com.mx\/wp-content\/uploads\/2023\/12\/Emilio-Montero-bloqueo-ENUFI-Juchitan.jpeg","jetpack_sharing_enabled":true,"_links":{"self":[{"href":"https:\/\/zonaroja.com.mx\/index.php?rest_route=\/wp\/v2\/posts\/62931","targetHints":{"allow":["GET"]}}],"collection":[{"href":"https:\/\/zonaroja.com.mx\/index.php?rest_route=\/wp\/v2\/posts"}],"about":[{"href":"https:\/\/zonaroja.com.mx\/index.php?rest_route=\/wp\/v2\/types\/post"}],"author":[{"embeddable":true,"href":"https:\/\/zonaroja.com.mx\/index.php?rest_route=\/wp\/v2\/users\/2"}],"replies":[{"embeddable":true,"href":"https:\/\/zonaroja.com.mx\/index.php?rest_route=%2Fwp%2Fv2%2Fcomments&post=62931"}],"version-history":[{"count":1,"href":"https:\/\/zonaroja.com.mx\/index.php?rest_route=\/wp\/v2\/posts\/62931\/revisions"}],"predecessor-version":[{"id":62933,"href":"https:\/\/zonaroja.com.mx\/index.php?rest_route=\/wp\/v2\/posts\/62931\/revisions\/62933"}],"wp:featuredmedia":[{"embeddable":true,"href":"https:\/\/zonaroja.com.mx\/index.php?rest_route=\/wp\/v2\/media\/62932"}],"wp:attachment":[{"href":"https:\/\/zonaroja.com.mx\/index.php?rest_route=%2Fwp%2Fv2%2Fmedia&parent=62931"}],"wp:term":[{"taxonomy":"category","embeddable":true,"href":"https:\/\/zonaroja.com.mx\/index.php?rest_route=%2Fwp%2Fv2%2Fcategories&post=62931"},{"taxonomy":"post_tag","embeddable":true,"href":"https:\/\/zonaroja.com.mx\/index.php?rest_route=%2Fwp%2Fv2%2Ftags&post=62931"}],"curies":[{"name":"wp","href":"https:\/\/api.w.org\/{rel}","templated":true}]}}