{"id":62934,"date":"2023-12-06T21:42:22","date_gmt":"2023-12-07T03:42:22","guid":{"rendered":"http:\/\/www.zonaroja.com.mx\/?p=62934"},"modified":"2023-12-06T21:42:25","modified_gmt":"2023-12-07T03:42:25","slug":"permanece-sin-ser-identificado-individuo-asesinado-en-juchitan","status":"publish","type":"post","link":"https:\/\/zonaroja.com.mx\/?p=62934","title":{"rendered":"Permanece sin ser identificado, individuo asesinado en Juchit\u00e1n"},"content":{"rendered":"\n<p>Redacci\u00f3n\/Zona Roja.<\/p>\n\n\n\n<p>Oaxaca de Ju\u00e1rez, Oax., a 6 de diciembre de 2023.- A\u00fan sin identificar permanece la persona del sexo masculino que fue asesinada este mi\u00e9rcoles en Juchit\u00e1n de Zaragoza, municipio de la regi\u00f3n del Istmo.<\/p>\n\n\n\n<p>La v\u00edctima fue localizada, tras una llamada ciudadana, en el basurero de la agencia La Ventosa.<\/p>\n\n\n\n<p>De manera preliminar se inform\u00f3 que presentaba en el cuerpo impactos de arma de fuego, huellas de tortura y se hallaba maniatado.<\/p>\n\n\n\n<p>Portaba un pantal\u00f3n de mezclilla color azul marino y estaba desnudo de torso; tras las primeras indagatorias de personal de la Vicefiscal\u00eda Regional del Istmo, el cuerpo fue trasladado al descanso municipal.<\/p>\n\n\n\n<p>Como ha ocurrido en la mayor\u00eda de los casos, la polic\u00eda municipal de Juchit\u00e1n lleg\u00f3 al sitio \u00fanicamente para resguardar la escena; sin embargo, hasta el momento ni en \u00e9ste ni en otros homicidios hay personas detenidas como probables responsables.<\/p>\n","protected":false},"excerpt":{"rendered":"<p>Redacci\u00f3n\/Zona Roja. Oaxaca de Ju\u00e1rez, Oax., a 6 de diciembre de 2023.- A\u00fan sin identificar&hellip;<\/p>\n","protected":false},"author":2,"featured_media":62936,"comment_status":"closed","ping_status":"open","sticky":false,"template":"","format":"standard","meta":{"_lmt_disableupdate":"","_lmt_disable":"","_jetpack_memberships_contains_paid_content":false,"footnotes":""},"categories":[109,51],"tags":[123],"class_list":["post-62934","post","type-post","status-publish","format-standard","has-post-thumbnail","hentry","category-minuto-a-minuto","category-zona-roja","tag-juchitan-de-zaragoza"],"jetpack_featured_media_url":"https:\/\/zonaroja.com.mx\/wp-content\/uploads\/2023\/12\/Ejecutado-La-Ventosa-Juchitan.jpeg","jetpack_sharing_enabled":true,"_links":{"self":[{"href":"https:\/\/zonaroja.com.mx\/index.php?rest_route=\/wp\/v2\/posts\/62934","targetHints":{"allow":["GET"]}}],"collection":[{"href":"https:\/\/zonaroja.com.mx\/index.php?rest_route=\/wp\/v2\/posts"}],"about":[{"href":"https:\/\/zonaroja.com.mx\/index.php?rest_route=\/wp\/v2\/types\/post"}],"author":[{"embeddable":true,"href":"https:\/\/zonaroja.com.mx\/index.php?rest_route=\/wp\/v2\/users\/2"}],"replies":[{"embeddable":true,"href":"https:\/\/zonaroja.com.mx\/index.php?rest_route=%2Fwp%2Fv2%2Fcomments&post=62934"}],"version-history":[{"count":1,"href":"https:\/\/zonaroja.com.mx\/index.php?rest_route=\/wp\/v2\/posts\/62934\/revisions"}],"predecessor-version":[{"id":62937,"href":"https:\/\/zonaroja.com.mx\/index.php?rest_route=\/wp\/v2\/posts\/62934\/revisions\/62937"}],"wp:featuredmedia":[{"embeddable":true,"href":"https:\/\/zonaroja.com.mx\/index.php?rest_route=\/wp\/v2\/media\/62936"}],"wp:attachment":[{"href":"https:\/\/zonaroja.com.mx\/index.php?rest_route=%2Fwp%2Fv2%2Fmedia&parent=62934"}],"wp:term":[{"taxonomy":"category","embeddable":true,"href":"https:\/\/zonaroja.com.mx\/index.php?rest_route=%2Fwp%2Fv2%2Fcategories&post=62934"},{"taxonomy":"post_tag","embeddable":true,"href":"https:\/\/zonaroja.com.mx\/index.php?rest_route=%2Fwp%2Fv2%2Ftags&post=62934"}],"curies":[{"name":"wp","href":"https:\/\/api.w.org\/{rel}","templated":true}]}}