{"id":62948,"date":"2023-12-07T11:30:00","date_gmt":"2023-12-07T17:30:00","guid":{"rendered":"http:\/\/www.zonaroja.com.mx\/?p=62948"},"modified":"2023-12-07T07:02:46","modified_gmt":"2023-12-07T13:02:46","slug":"presente-poder-judicial-de-oaxaca-en-congreso-de-interculturalismo-juridico","status":"publish","type":"post","link":"https:\/\/zonaroja.com.mx\/?p=62948","title":{"rendered":"Presente Poder Judicial de Oaxaca en\u00a0Congreso de Interculturalismo Jur\u00eddico"},"content":{"rendered":"\n<p>Redacci\u00f3n\/Zona Roja.<\/p>\n\n\n\n<p>Oaxaca de Ju\u00e1rez, Oax., a 7 de diciembre de 2023.- En el marco&nbsp;de la apertura de la primera Sala de Asuntos Ind\u00edgenas en el Poder Judicial del&nbsp;Estado de M\u00e9xico, se realiz\u00f3 el primer Congreso Nacional de Interculturalismo Jur\u00eddico&nbsp;2023. Justicia Ind\u00edgena, experiencias y expectativas, en el cual particip\u00f3 el titular del Poder Judicial de Oaxaca, magistrado Eduardo Pinacho S\u00e1nchez, al ser&nbsp;esta instituci\u00f3n una de las principales colaboradoras en&nbsp;los trabajos para el dise\u00f1o del funcionamiento y operatividad de esa nueva instancia.&nbsp;<\/p>\n\n\n\n<p>Al inaugurar los trabajos&nbsp;del encuentro&nbsp;que concluir\u00e1 este jueves siete de diciembre&nbsp;y re\u00fane&nbsp;a investigadores, juzgadores y comunidad acad\u00e9mica provenientes de entidades como Oaxaca, Chiapas, Quintana Roo, Guerrero, Puebla y Ciudad de M\u00e9xico, para debatir en torno a experiencias y expectativas del interculturalismo y la justicia ind\u00edgena en nuestro pa\u00eds,&nbsp;el&nbsp;magistrado presidente, Ricardo&nbsp;Sodi&nbsp;Cu\u00e9llar&nbsp;destac\u00f3 que solo en Oaxaca y el&nbsp;Estado de M\u00e9xico existen salas de asuntos ind\u00edgenas, por lo que ambas entidades son pioneras en el rubro.<\/p>\n\n\n\n<p>\u201cEs una propuesta innovadora, precisamente para lograr que se diera ese entendimiento&nbsp;y di\u00e1logo respetuoso en la tutela de los derechos humanos.&nbsp;Tenemos que acercarnos a los pueblos originarios\u201d,&nbsp;indic\u00f3 al enfatizar&nbsp;que&nbsp;en esta nueva etapa, los usos y costumbres de las comunidades, deber\u00e1n ser la base para la jurisprudencia del derecho&nbsp;con perspectiva intercultural, tema que requiere de las aportaciones de&nbsp;todas y&nbsp;todos.<\/p>\n\n\n\n<p>Cabe se\u00f1alar&nbsp;que&nbsp;en Oaxaca, con siete a\u00f1os de funcionamiento,&nbsp;la Sala de Justicia Ind\u00edgena&nbsp;y Quinta Sala Penal del Tribunal Superior de Justicia del Estado&nbsp;ha obtenido el reconocimiento a nivel nacional e internacional,&nbsp;lo que ha fortalecido la legitimidad constitucional con la que cuentan los pueblos originarios y la vigencia del pluralismo jur\u00eddico.&nbsp;<\/p>\n\n\n\n<p>A trav\u00e9s de esta instancia, se ha dado seguimiento a temas como&nbsp;la autonom\u00eda hacendaria; la obtenci\u00f3n&nbsp;del Registro Federal de Contribuyentes (RFC), que marc\u00f3 un importante precedente en el pa\u00eds; los&nbsp;l\u00edmites de la justicia ind\u00edgena para no vulnerar los derechos humanos e inconformidades que se&nbsp;susciten en los procesos de consulta.<\/p>\n\n\n\n<p>En un hecho hist\u00f3rico y sin precedentes, este a\u00f1o&nbsp;realiz\u00f3 una visita In Situ a la comunidad de&nbsp;Santiago&nbsp;Tlazoyaltepec, Etla, para llevar a cabo diligencias derivadas de&nbsp;un asunto de desv\u00edo de recursos p\u00fablicos. Por otra parte,&nbsp;colabor\u00f3&nbsp;en la creaci\u00f3n del&nbsp;Centro de Informaci\u00f3n de Justicia&nbsp;Ind\u00edgena (CIJI), plataforma \u00fanica en su tipo, que tiene como objetivo brindar informaci\u00f3n a operadores jurisdiccionales para que la valoraci\u00f3n de asuntos y toma de decisiones tenga referentes&nbsp;basados en las realidades concretas de los pueblos.<\/p>\n","protected":false},"excerpt":{"rendered":"<p>Redacci\u00f3n\/Zona Roja. Oaxaca de Ju\u00e1rez, Oax., a 7 de diciembre de 2023.- En el marco&nbsp;de&hellip;<\/p>\n","protected":false},"author":2,"featured_media":62949,"comment_status":"closed","ping_status":"open","sticky":false,"template":"","format":"standard","meta":{"_lmt_disableupdate":"","_lmt_disable":"","_jetpack_memberships_contains_paid_content":false,"footnotes":""},"categories":[109,46],"tags":[223],"class_list":["post-62948","post","type-post","status-publish","format-standard","has-post-thumbnail","hentry","category-minuto-a-minuto","category-zona-blanca","tag-poder-judicial-de-oaxaca"],"jetpack_featured_media_url":"https:\/\/zonaroja.com.mx\/wp-content\/uploads\/2023\/12\/El-magistrado-Eduardo-Pinacho-Sanchez-asistio-a-la-inauguracion-del-Congreso-en-la-CDMX.jpg","jetpack_sharing_enabled":true,"_links":{"self":[{"href":"https:\/\/zonaroja.com.mx\/index.php?rest_route=\/wp\/v2\/posts\/62948","targetHints":{"allow":["GET"]}}],"collection":[{"href":"https:\/\/zonaroja.com.mx\/index.php?rest_route=\/wp\/v2\/posts"}],"about":[{"href":"https:\/\/zonaroja.com.mx\/index.php?rest_route=\/wp\/v2\/types\/post"}],"author":[{"embeddable":true,"href":"https:\/\/zonaroja.com.mx\/index.php?rest_route=\/wp\/v2\/users\/2"}],"replies":[{"embeddable":true,"href":"https:\/\/zonaroja.com.mx\/index.php?rest_route=%2Fwp%2Fv2%2Fcomments&post=62948"}],"version-history":[{"count":1,"href":"https:\/\/zonaroja.com.mx\/index.php?rest_route=\/wp\/v2\/posts\/62948\/revisions"}],"predecessor-version":[{"id":62950,"href":"https:\/\/zonaroja.com.mx\/index.php?rest_route=\/wp\/v2\/posts\/62948\/revisions\/62950"}],"wp:featuredmedia":[{"embeddable":true,"href":"https:\/\/zonaroja.com.mx\/index.php?rest_route=\/wp\/v2\/media\/62949"}],"wp:attachment":[{"href":"https:\/\/zonaroja.com.mx\/index.php?rest_route=%2Fwp%2Fv2%2Fmedia&parent=62948"}],"wp:term":[{"taxonomy":"category","embeddable":true,"href":"https:\/\/zonaroja.com.mx\/index.php?rest_route=%2Fwp%2Fv2%2Fcategories&post=62948"},{"taxonomy":"post_tag","embeddable":true,"href":"https:\/\/zonaroja.com.mx\/index.php?rest_route=%2Fwp%2Fv2%2Ftags&post=62948"}],"curies":[{"name":"wp","href":"https:\/\/api.w.org\/{rel}","templated":true}]}}