{"id":6295,"date":"2019-12-03T07:28:23","date_gmt":"2019-12-03T13:28:23","guid":{"rendered":"http:\/\/www.zonaroja.com.mx\/?p=6295"},"modified":"2019-12-03T07:28:26","modified_gmt":"2019-12-03T13:28:26","slug":"registra-oaxaca-una-persona-fallecida-por-influenza-y-14-enfermos","status":"publish","type":"post","link":"https:\/\/zonaroja.com.mx\/?p=6295","title":{"rendered":"Registra Oaxaca una persona fallecida por influenza y 14 enfermos"},"content":{"rendered":"\n<p>Redacci\u00f3n\/Zona Roja.<\/p>\n\n\n\n<p>Oaxaca de Ju\u00e1rez, Oax., 3 de diciembre\nde 2019.- Una persona fallecida a causa de la influenza y 14 m\u00e1s con ese\npadecimiento, es el saldo de este a\u00f1o que report\u00f3 la dependencia estatal\nServicios de Salud de Oaxaca.<\/p>\n\n\n\n<p>No obstante, ponder\u00f3 que en el mismo\nlapso del a\u00f1o pasado, ya se ten\u00edan 14 enfermos y 10 decesos.<\/p>\n\n\n\n<p>Ayer en conferencia de prensa, el\ntitular de la instituci\u00f3n, Donato Casas Escamilla, indic\u00f3 que derivado de la\nOctava Reuni\u00f3n Extraordinaria del Comit\u00e9 Estatal para la Seguridad en Salud\n(CESS), se determin\u00f3 llevar a cabo acciones de promoci\u00f3n y prevenci\u00f3n para\ndisminuir la morbi-mortalidad en esta temporada invernal, ocasionada por\ninfecciones respiratorias agudas, influenza, intoxicaci\u00f3n por mon\u00f3xido de\ncarbono e hipotermia o quemaduras.<\/p>\n\n\n\n<p>Dio a conocer que en lo que va del a\u00f1o\nse tienen registrados 568 mil 416 casos de Infecciones Respiratorias Agudas\n(IRAS). <\/p>\n\n\n\n<p>Asever\u00f3 que desde inicios de noviembre\nlos SSO han distribuido las dosis enviadas por la Federaci\u00f3n y la meta es\naplicar 533 mil vacunas especialmente a mujeres embarazadas, ni\u00f1as y ni\u00f1os\nmenores de cinco a\u00f1os, personas adultas y personal de salud que est\u00e1 en\ncontacto con pacientes. <\/p>\n\n\n\n<p>Agreg\u00f3 que en coordinaci\u00f3n con el IMSS,\nISSSTE y Sedena, en Oaxaca se estar\u00edan aplicando un mill\u00f3n 65 mil dosis para vacunar\na toda la poblaci\u00f3n.<\/p>\n","protected":false},"excerpt":{"rendered":"<p>Redacci\u00f3n\/Zona Roja. Oaxaca de Ju\u00e1rez, Oax., 3 de diciembre de 2019.- Una persona fallecida a&hellip;<\/p>\n","protected":false},"author":2,"featured_media":6296,"comment_status":"closed","ping_status":"open","sticky":false,"template":"","format":"standard","meta":{"_lmt_disableupdate":"","_lmt_disable":"","_jetpack_memberships_contains_paid_content":false,"footnotes":""},"categories":[109,47],"tags":[1090,238],"class_list":["post-6295","post","type-post","status-publish","format-standard","has-post-thumbnail","hentry","category-minuto-a-minuto","category-zona-gris","tag-influenza-oaxaca","tag-servicios-de-salud-de-oaxaca"],"jetpack_featured_media_url":"https:\/\/zonaroja.com.mx\/wp-content\/uploads\/2019\/12\/Influenza.jpg","jetpack_sharing_enabled":true,"_links":{"self":[{"href":"https:\/\/zonaroja.com.mx\/index.php?rest_route=\/wp\/v2\/posts\/6295","targetHints":{"allow":["GET"]}}],"collection":[{"href":"https:\/\/zonaroja.com.mx\/index.php?rest_route=\/wp\/v2\/posts"}],"about":[{"href":"https:\/\/zonaroja.com.mx\/index.php?rest_route=\/wp\/v2\/types\/post"}],"author":[{"embeddable":true,"href":"https:\/\/zonaroja.com.mx\/index.php?rest_route=\/wp\/v2\/users\/2"}],"replies":[{"embeddable":true,"href":"https:\/\/zonaroja.com.mx\/index.php?rest_route=%2Fwp%2Fv2%2Fcomments&post=6295"}],"version-history":[{"count":1,"href":"https:\/\/zonaroja.com.mx\/index.php?rest_route=\/wp\/v2\/posts\/6295\/revisions"}],"predecessor-version":[{"id":6297,"href":"https:\/\/zonaroja.com.mx\/index.php?rest_route=\/wp\/v2\/posts\/6295\/revisions\/6297"}],"wp:featuredmedia":[{"embeddable":true,"href":"https:\/\/zonaroja.com.mx\/index.php?rest_route=\/wp\/v2\/media\/6296"}],"wp:attachment":[{"href":"https:\/\/zonaroja.com.mx\/index.php?rest_route=%2Fwp%2Fv2%2Fmedia&parent=6295"}],"wp:term":[{"taxonomy":"category","embeddable":true,"href":"https:\/\/zonaroja.com.mx\/index.php?rest_route=%2Fwp%2Fv2%2Fcategories&post=6295"},{"taxonomy":"post_tag","embeddable":true,"href":"https:\/\/zonaroja.com.mx\/index.php?rest_route=%2Fwp%2Fv2%2Ftags&post=6295"}],"curies":[{"name":"wp","href":"https:\/\/api.w.org\/{rel}","templated":true}]}}