{"id":62951,"date":"2023-12-07T12:30:00","date_gmt":"2023-12-07T18:30:00","guid":{"rendered":"http:\/\/www.zonaroja.com.mx\/?p=62951"},"modified":"2023-12-07T07:17:46","modified_gmt":"2023-12-07T13:17:46","slug":"cineasta-angeles-cruz-mantiene-jornada-de-lucha-por-justicia-para-san-miguel-el-grande","status":"publish","type":"post","link":"https:\/\/zonaroja.com.mx\/?p=62951","title":{"rendered":"Cineasta \u00c1ngeles Cruz mantiene jornada de lucha por justicia para San Miguel El Grande"},"content":{"rendered":"\n<p>Yuridiana Sosa\/Zona Roja.<\/p>\n\n\n\n<p>Oaxaca de Ju\u00e1rez, Oax., a 7 de diciembre de 2023.- Tras el \u00faltimo ataque armado a San Miguel El Grande el pasado 22 de noviembre, en el que murieron cinco personas, la cineasta \u00c1ngeles Cruz, intensific\u00f3 su lucha en exigencia de justicia para su comunidad de origen.<\/p>\n\n\n\n<p>Con apoyo de la comunidad cinematogr\u00e1fica, artistas y sociedad civil, la actriz mantiene publicaciones en sus cuentas oficiales de redes sociales para contabilizar los d\u00edas de impunidad desde el primer ataque de este a\u00f1o, ocurrido el 5 de mayo, donde otros tres habitantes fueron asesinados, ante la disputa de tierras.<\/p>\n\n\n\n<p>La tambi\u00e9n productora, de quien su hermano falleci\u00f3 en el ataque, agradeci\u00f3 a la comunidad cinematogr\u00e1fica, cultural, y a la sociedad civil por no dejarla sola en su exigencia y con ello dar apoyo a la poblaci\u00f3n mixteca de Guadalupe Victoria, agencia de San Miguel El Grande.<\/p>\n\n\n\n<p>\u201cAgradezco el abrazo solidario de la comunidad cinematogr\u00e1fica y cultural, ante la situaci\u00f3n de indefensi\u00f3n que estamos viviendo en San Miguel el Grande y particularmente en la comunidad mixteca de Guadalupe Victoria de la cual soy originaria\u201d<\/p>\n\n\n\n<p>\u201c\u00a1No nos vamos a cansar, no nos vamos a quedar callados hasta que se haga justicia!, \u00a1Justicia para Juan Mendoza L\u00f3pez, Odil\u00f3n Cruz Ortiz, Abd\u00f3n Cruz L\u00f3pez, Jos\u00e9 Per\u00e9z Mendoza, Gabriel Cruz Ortiz y Rom\u00e1n Cruz Murillo!\u201d, es la consigna principal.<\/p>\n\n\n\n<p>LUCHA CON DOLOR<\/p>\n\n\n\n<p>La cineasta expresa en sus redes sociales el profundo dolor que le dej\u00f3 la p\u00e9rdida de su hermano, Rom\u00e1n Cruz -autoridad de su comunidad y colaborador en las pel\u00edculas rodadas en ese lugar-, consecuencia de la violencia generada presuntamente por habitantes de Tlaxiaco por la disputa de tierras.<\/p>\n\n\n\n<p>\u201cNo es f\u00e1cil dar batalla con una herida profunda en el coraz\u00f3n, pero vamos a seguir gritando justicia por nuestros compa\u00f1eros y familiares\u201d. \u201cLa p\u00e9rdida de nuestra gente duele profundamente, por eso contamos cada d\u00eda que pasamos sin obtener justicia\u201d.<\/p>\n\n\n\n<p>Ante ese escenario, \u00c1ngeles Cruz exige al gobierno federal para que se implementen acciones inmediatas a favor de San Miguel El Grande, pues \u201csabemos que el gobernador Salom\u00f3n Jara Cruz no dar\u00e1 la cara al pueblo oaxaque\u00f1o\u201d, manifest\u00f3.<\/p>\n","protected":false},"excerpt":{"rendered":"<p>Yuridiana Sosa\/Zona Roja. Oaxaca de Ju\u00e1rez, Oax., a 7 de diciembre de 2023.- Tras el&hellip;<\/p>\n","protected":false},"author":2,"featured_media":62952,"comment_status":"closed","ping_status":"open","sticky":false,"template":"","format":"standard","meta":{"_lmt_disableupdate":"","_lmt_disable":"","_jetpack_memberships_contains_paid_content":false,"footnotes":""},"categories":[109,47],"tags":[2510,3475],"class_list":["post-62951","post","type-post","status-publish","format-standard","has-post-thumbnail","hentry","category-minuto-a-minuto","category-zona-gris","tag-angeles-cruz-murillo","tag-san-miguel-el-grande"],"jetpack_featured_media_url":"https:\/\/zonaroja.com.mx\/wp-content\/uploads\/2023\/12\/Justicia-San-Miguel-El-Grande-Angeles-Cruz.png","jetpack_sharing_enabled":true,"_links":{"self":[{"href":"https:\/\/zonaroja.com.mx\/index.php?rest_route=\/wp\/v2\/posts\/62951","targetHints":{"allow":["GET"]}}],"collection":[{"href":"https:\/\/zonaroja.com.mx\/index.php?rest_route=\/wp\/v2\/posts"}],"about":[{"href":"https:\/\/zonaroja.com.mx\/index.php?rest_route=\/wp\/v2\/types\/post"}],"author":[{"embeddable":true,"href":"https:\/\/zonaroja.com.mx\/index.php?rest_route=\/wp\/v2\/users\/2"}],"replies":[{"embeddable":true,"href":"https:\/\/zonaroja.com.mx\/index.php?rest_route=%2Fwp%2Fv2%2Fcomments&post=62951"}],"version-history":[{"count":2,"href":"https:\/\/zonaroja.com.mx\/index.php?rest_route=\/wp\/v2\/posts\/62951\/revisions"}],"predecessor-version":[{"id":62955,"href":"https:\/\/zonaroja.com.mx\/index.php?rest_route=\/wp\/v2\/posts\/62951\/revisions\/62955"}],"wp:featuredmedia":[{"embeddable":true,"href":"https:\/\/zonaroja.com.mx\/index.php?rest_route=\/wp\/v2\/media\/62952"}],"wp:attachment":[{"href":"https:\/\/zonaroja.com.mx\/index.php?rest_route=%2Fwp%2Fv2%2Fmedia&parent=62951"}],"wp:term":[{"taxonomy":"category","embeddable":true,"href":"https:\/\/zonaroja.com.mx\/index.php?rest_route=%2Fwp%2Fv2%2Fcategories&post=62951"},{"taxonomy":"post_tag","embeddable":true,"href":"https:\/\/zonaroja.com.mx\/index.php?rest_route=%2Fwp%2Fv2%2Ftags&post=62951"}],"curies":[{"name":"wp","href":"https:\/\/api.w.org\/{rel}","templated":true}]}}