{"id":62956,"date":"2023-12-07T18:17:00","date_gmt":"2023-12-08T00:17:00","guid":{"rendered":"http:\/\/www.zonaroja.com.mx\/?p=62956"},"modified":"2023-12-07T07:26:32","modified_gmt":"2023-12-07T13:26:32","slug":"opinion-una-primavera-de-sangre-y-violencia","status":"publish","type":"post","link":"https:\/\/zonaroja.com.mx\/?p=62956","title":{"rendered":"Opini\u00f3n. Una primavera de sangre y violencia"},"content":{"rendered":"\n<p>N\u00e9stor Y. S\u00e1nchez Islas.&nbsp;<\/p>\n\n\n\n<p class=\"has-text-align-right\"><em>Con enorme gusto felicito a EL IMPARCIAL y su gran equipo por un aniversario m\u00e1s de esta casa editorial, garante de la libertad de expresi\u00f3n<\/em>.\u00a0<\/p>\n\n\n\n<p>Tan grave como las recientes masacres en las serran\u00edas oaxaque\u00f1as es la omisi\u00f3n de quienes deben hacer cumplir la ley. Ambas conductas merecen castigo penal, por cierto.<\/p>\n\n\n\n<p>Al ba\u00f1o de sangre provocado por la fatal pol\u00edtica de los abrazos contra los balazos que&nbsp;ha&nbsp;colocado a Oaxaca en el medallero nacional de los \u00edndices delictivos, debemos sumar la violencia ancestral&nbsp;causada&nbsp;por problemas agrarios a lo largo y ancho&nbsp;del territorio, consecuencia directa del modelo de propiedad comunal y del mal reparto agrario como consecuencia de la revoluci\u00f3n.<\/p>\n\n\n\n<p>Las dos masacres recientes&nbsp;por l\u00edos agrarios&nbsp;ser\u00e1n una raya m\u00e1s al tigre&nbsp;porque vendr\u00e1n otras propiciadas&nbsp;por la indiferencia de quienes encabezan las instituciones y porque el&nbsp;odio entre pueblos de Oaxaca es tan grande que, si tuvieran una bomba at\u00f3mica en su poder, no dudar\u00edan en usarla contra sus&nbsp;vecinos.&nbsp;<\/p>\n\n\n\n<p>La cosmovisi\u00f3n de los pueblos sobre sus montes y bosques, de los que extraen recursos, los&nbsp;vuelven&nbsp;profundamente posesivos y violentos cuando se siente afectados, porque la extracci\u00f3n maderable&nbsp;es&nbsp;su principal fuente de ingresos, s\u00ed es que no est\u00e1n involucrados en la siembra de drogas. Por tanto, los \u00e1rboles&nbsp;son un su principal activo comercial.<\/p>\n\n\n\n<p>Su pasado ancestral cobija el profundo arraigo con&nbsp;sus tierras, pero las imprecisiones sobre la propiedad de estas es una fuente permanente de odios y muerte dado que ellos entienden a su territorio de una forma diferente a como lo vemos desde la ciudad.&nbsp;<\/p>\n\n\n\n<p>El territorio, y su control,&nbsp;para ellos es mucha m\u00e1s que una extensi\u00f3n de&nbsp;cerros&nbsp;con \u00e1rboles, significan su relaci\u00f3n con la naturaleza y&nbsp;entre&nbsp;ellos mismos en la manutenci\u00f3n de sus tradiciones a las que ahora, o les dan un sentido tur\u00edstico o les dan un uso pol\u00edtico como el que&nbsp;hicieron&nbsp;los campesinos de Teojomulco. protagonistas&nbsp;de una de las&nbsp;m\u00e1s sangrientas&nbsp;masacres de Oaxaca, en su reciente manifestaci\u00f3n en la ciudad capital.<\/p>\n\n\n\n<p>De las masacres de los \u00faltimos 20 a\u00f1os, la m\u00e1s grave fue la matanza de Agua Fr\u00eda&nbsp;protagonizada por Teojomulco contra sus vecinos de Xochitepec, en el a\u00f1o 2002 mientras era gobernador Jos\u00e9 Murat.&nbsp;<\/p>\n\n\n\n<p>Ese hecho debi\u00f3 costarle la gubernatura, pero para su fortuna, la Copa&nbsp;Mundial&nbsp;de&nbsp;Futbol distrajo la atenci\u00f3n medi\u00e1tica y pol\u00edtica y&nbsp;pudo continuar&nbsp;como si nada&nbsp;en el gobierno.&nbsp;<\/p>\n\n\n\n<p>Apenas en 2020, durante el gobierno de otro Murat fueron masacradas 15 personas en San Mateo del Mar. Hace m\u00e1s a\u00f1os, el repudiable grupo guerrillero EPR&nbsp;masacr\u00f3&nbsp;a&nbsp;una&nbsp;patrulla de&nbsp;polic\u00edas en Macuilxochilt y, el pleito entre el pueblo de Yaxe y sus vecinos de Chichic\u00e1pam&nbsp;dejaron entre 15 y 18 muertos en los a\u00f1os 80. En materia de masacres tenemos mucha historia.<\/p>\n\n\n\n<p>La masacre de Agua Fr\u00eda sigue tan vigente que apenas hace unos d\u00edas, campesinos de&nbsp;Santo Domingo Teojomulco, los se\u00f1alados como asesinos,&nbsp;llegaron a violentar&nbsp;nuevamente&nbsp;a la ciudad de Oaxaca. Cometieron toda clase de&nbsp;vejaciones&nbsp;como&nbsp;fue la retenci\u00f3n de&nbsp;personas&nbsp;contra su voluntad,&nbsp;destrucci\u00f3n de&nbsp;veh\u00edculos,&nbsp;quema de&nbsp;mobiliario&nbsp;del gobierno&nbsp;e incluso&nbsp;golpearon&nbsp;e hirieron&nbsp;sangrar&nbsp;a un par de mujeres, cuyas fotos&nbsp;inundaron las redes.&nbsp;<\/p>\n\n\n\n<p>Con esta&nbsp;violencia&nbsp;contra personas ajenas a sus problemas es de imaginar el odio con que mataron a aquellos campesinos de Xochitepec.&nbsp;Ese problema&nbsp;data de finales del siglo XIX&nbsp;y desde entonces, ha pasado de instituci\u00f3n en instituci\u00f3n y sigue sin resolverse&nbsp;porque siempre han actuado como lo hace el gobierno actual, siendo omisos&nbsp;ante una patolog\u00eda social que requiere toda la atenci\u00f3n y no solo demagogia: la violencia.<\/p>\n\n\n\n<p>El enga\u00f1oso discurso de una supuesta primavera en parte fue para tratar de&nbsp;cubrir el pasado de quienes durante a\u00f1os incendiaron Oaxaca, se hicieron expertos en ello y en crear todo tipo de problemas para llegar al poder.&nbsp;<\/p>\n\n\n\n<p>Hoy que lo tienen es evidente que no saben&nbsp;c\u00f3mo&nbsp;resolverlos, no es lo suyo.&nbsp;Para quienes somos ajenos al c\u00edrculo&nbsp;del que se rodean, la imagen de personajes como Flavio Sosa&nbsp;o Jes\u00fas Romero es la de incendiarios.&nbsp;<\/p>\n\n\n\n<p>En la memoria colectiva&nbsp;contin\u00faan las im\u00e1genes de la tarde del 25 de noviembre de 2006 siendo&nbsp;la ciudad capital&nbsp;incendiada por las huestes de don Flavio.&nbsp;<\/p>\n\n\n\n<p>Por ello mismo nos preguntamos de qu\u00e9 manera los incendiarios de antes hoy ser\u00e1n los bomberos. El Frankenstein de agitaci\u00f3n social que crearon est\u00e1 fuera de control, tiene vida propia.<\/p>\n\n\n\n<p>Ante la violencia hoy ofrecen di\u00e1logo que,&nbsp;por&nbsp;la sangre derramada,&nbsp;solo puede considerarse&nbsp;como una grave&nbsp;omisi\u00f3n&nbsp;por su actitud pasiva, tolerante y, podr\u00eda ser, hasta c\u00f3mplice,&nbsp;que es una&nbsp;conducta&nbsp;que merece castigo penal.&nbsp;<\/p>\n\n\n\n<p>El gobierno no&nbsp;debe abstenerse de actuar&nbsp;ante una situaci\u00f3n que constituye un deber legal&nbsp;y quienes se han visto afectados directamente&nbsp;deber\u00edan demandar al Estado mexicano&nbsp;por la grave&nbsp;y criminal impericia con que se conducen quienes juraron cumplir y hacer cumplir la ley.<\/p>\n\n\n\n<p><a href=\"mailto:nestoryuri@yahoo.com\">nestoryuri@yahoo.com<\/a><\/p>\n","protected":false},"excerpt":{"rendered":"<p>N\u00e9stor Y. S\u00e1nchez Islas.&nbsp; Con enorme gusto felicito a EL IMPARCIAL y su gran equipo&hellip;<\/p>\n","protected":false},"author":2,"featured_media":41861,"comment_status":"closed","ping_status":"open","sticky":false,"template":"","format":"standard","meta":{"_lmt_disableupdate":"","_lmt_disable":"","_jetpack_memberships_contains_paid_content":false,"footnotes":""},"categories":[456,109],"tags":[3050],"class_list":["post-62956","post","type-post","status-publish","format-standard","has-post-thumbnail","hentry","category-columna","category-minuto-a-minuto","tag-nestor-yuri-sanchez"],"jetpack_featured_media_url":"https:\/\/zonaroja.com.mx\/wp-content\/uploads\/2022\/05\/Opinion-Nestor-Yuri-Sanchez-Islas.jpg","jetpack_sharing_enabled":true,"_links":{"self":[{"href":"https:\/\/zonaroja.com.mx\/index.php?rest_route=\/wp\/v2\/posts\/62956","targetHints":{"allow":["GET"]}}],"collection":[{"href":"https:\/\/zonaroja.com.mx\/index.php?rest_route=\/wp\/v2\/posts"}],"about":[{"href":"https:\/\/zonaroja.com.mx\/index.php?rest_route=\/wp\/v2\/types\/post"}],"author":[{"embeddable":true,"href":"https:\/\/zonaroja.com.mx\/index.php?rest_route=\/wp\/v2\/users\/2"}],"replies":[{"embeddable":true,"href":"https:\/\/zonaroja.com.mx\/index.php?rest_route=%2Fwp%2Fv2%2Fcomments&post=62956"}],"version-history":[{"count":2,"href":"https:\/\/zonaroja.com.mx\/index.php?rest_route=\/wp\/v2\/posts\/62956\/revisions"}],"predecessor-version":[{"id":62958,"href":"https:\/\/zonaroja.com.mx\/index.php?rest_route=\/wp\/v2\/posts\/62956\/revisions\/62958"}],"wp:featuredmedia":[{"embeddable":true,"href":"https:\/\/zonaroja.com.mx\/index.php?rest_route=\/wp\/v2\/media\/41861"}],"wp:attachment":[{"href":"https:\/\/zonaroja.com.mx\/index.php?rest_route=%2Fwp%2Fv2%2Fmedia&parent=62956"}],"wp:term":[{"taxonomy":"category","embeddable":true,"href":"https:\/\/zonaroja.com.mx\/index.php?rest_route=%2Fwp%2Fv2%2Fcategories&post=62956"},{"taxonomy":"post_tag","embeddable":true,"href":"https:\/\/zonaroja.com.mx\/index.php?rest_route=%2Fwp%2Fv2%2Ftags&post=62956"}],"curies":[{"name":"wp","href":"https:\/\/api.w.org\/{rel}","templated":true}]}}