{"id":62962,"date":"2023-12-07T12:35:00","date_gmt":"2023-12-07T18:35:00","guid":{"rendered":"http:\/\/www.zonaroja.com.mx\/?p=62962"},"modified":"2023-12-07T08:02:02","modified_gmt":"2023-12-07T14:02:02","slug":"aseguran-las-ong-que-pese-a-alternancia-politica-siguen-violaciones-a-derechos","status":"publish","type":"post","link":"https:\/\/zonaroja.com.mx\/?p=62962","title":{"rendered":"Aseguran las ONG que pese a alternancia pol\u00edtica, siguen violaciones a derechos"},"content":{"rendered":"\n<p>Redacci\u00f3n\/Zona Roja.<\/p>\n\n\n\n<p>Oaxaca de Ju\u00e1rez, Oax., a 7 de diciembre de 2023.- Pese a que existi\u00f3 una alternancia pol\u00edtica a nivel federal y estatal entre el PRI y Morena, en Oaxaca se han profundizado las violaciones a los derechos humanos, aunado a que persisten retrocesos, simulaci\u00f3n, omisi\u00f3n, negligencia, corrupci\u00f3n y falta de autonom\u00eda de los poderes Ejecutivo, Legislativo y Judicial.<\/p>\n\n\n\n<p>En el marco del Examen Peri\u00f3dico Universal (EPU) de la Organizaci\u00f3n de las Naciones Unidas (ONU), organizaciones de la sociedad civil de Oaxaca entregaron el Informe Ciudadano intitulado \u201cEntre el PRI y Morena: retrocesos, impunidad y simulaci\u00f3n\u201d donde refieren que \u201cla falta de voluntad pol\u00edtica ha sido el principal obst\u00e1culo para enfrentar la grave situaci\u00f3n por la que atraviesa el estado. La \u2018paz\u2019 es solo una narrativa gubernamental y parte de la simulaci\u00f3n\u201d.<\/p>\n\n\n\n<p>El Informe Ciudadano 2018-2023 \u201cEntre el PRI y Morena: Retrocesos, impunidad y simulaci\u00f3n\u201d tiene como objetivo reflejar la situaci\u00f3n de los derechos humanos en Oaxaca en el marco de la cuarta evaluaci\u00f3n del Estado Mexicano por el mecanismo del Examen Peri\u00f3dico Universal (EPU).<\/p>\n\n\n\n<p>Durante la presentaci\u00f3n del Informe Ciudadano realizado este mi\u00e9rcoles 6 de diciembre en el Centro Cultural San Pablo, organizaciones como Consorcio para el Di\u00e1logo Parlamentario y la Equidad Oaxaca, Centro de Derechos Ind\u00edgenas Flor y Canto, Centro de Apoyo para le Educaci\u00f3n y Creatividad Calpulli, Servicios para una Educaci\u00f3n Alternativa y la Red Nacional de Abogadas Ind\u00edgenas (RAI Cap\u00edtulo-Oaxaca), concluyeron que persiste la \u201ccontinuidad entre las administraciones priistas y morenistas\u201d.<\/p>\n\n\n\n<p>Sintetizaron que en \u201ceste \u00faltimo periodo, desde el 2018, existi\u00f3 una alternancia pol\u00edtica a nivel federal y el \u00faltimo a\u00f1o a nivel estatal con la llegada de Salom\u00f3n Jara Cruz a la Gubernatura, sin embargo y pese a la ret\u00f3rica de Estado se han profundizado las violaciones a los derechos humanos en Oaxaca\u201d.<\/p>\n\n\n\n<p>Nadir Hern\u00e1ndez Quiroz dio la bienvenida e hizo la presentaci\u00f3n de participantes: Marcos Leyva Madrid, de Educa; Yesica S\u00e1nchez Maya, de Consorcio-Oaxaca; Flora Guti\u00e9rrez de la red de Abogadas Ind\u00edgenas, Soledad Jarqu\u00edn Edgar, periodista feminista; Diana Leticia P\u00e9rez L\u00f3pez del Centro Calpulli; Mario Hurtado del Colectivo EPUMx y Ximena Ramos de la oficina del Alto Comisionado para los Derechos Humanos de las Naciones Unidas.&nbsp;<\/p>\n\n\n\n<p>Educa dio lectura al pronunciamiento; Consorcio Oaxaca, RAI y Calpulli hicieron la presentaci\u00f3n de contenidos del informe; Mario Hurtado del Colectivo EPUMx y Ximena Ramos de ONU-DH realizaron comentarios sobre el proceso del EPU y el informe de Oaxaca.<\/p>\n\n\n\n<p>RIESGO PARA DEFENSORES<\/p>\n\n\n\n<p>Durante la presentaci\u00f3n dieron a conocer tambi\u00e9n el mensaje emitido por la Relatora sobre la Situaci\u00f3n de Personas Defensoras Mary Lawlor en el que expresa su preocupaci\u00f3n por el alto riesgo en el que se encuentran personas defensoras en Oaxaca e inst\u00f3 a la liberaci\u00f3n inmediata del defensor detenido arbitrariamente desde 2010 Pablo L\u00f3pez Alavez.&nbsp;&nbsp;<\/p>\n\n\n\n<p>En el documento se resalta que existe una grave falta de transparencia y de priorizaci\u00f3n de los derechos humanos en la asignaci\u00f3n presupuestaria, ya que \u201cencontramos una profunda discordancia entre el discurso oficial y la asignaci\u00f3n real, es efectivamente imposible saber en qu\u00e9 acciones se ejecutan los montos asignados, por ejemplo, a la pol\u00edtica transversal de igualdad de g\u00e9nero\u201d.&nbsp;<\/p>\n\n\n\n<p>Hicieron hincapi\u00e9 que \u201cdesde hace 15 a\u00f1os advertimos a la ONU que la situaci\u00f3n en materia de derechos humanos se agudizar\u00eda debido a problemas estructurales: la pol\u00edtica de militarizaci\u00f3n, la legislaci\u00f3n neoliberal, el machismo que permea las estructuras del Estado, la falta de reconocimiento de derechos hacia pueblos ind\u00edgenas, mujeres e infancias, la impunidad, las violencias en contra de quienes defienden derechos humanos y libertad de expresi\u00f3n y la falta de voluntad pol\u00edtica han conducido a una crisis sistem\u00e1tica en materia de derechos humanos\u201d.<\/p>\n\n\n\n<p>Es en ese contexto que, organizaciones y colectivos de Oaxaca presentaron por cuarta ocasi\u00f3n un informe sobre la situaci\u00f3n en el estado por sus caracter\u00edsticas espec\u00edficas en t\u00e9rminos de desigualdad, pobreza, impactos y situaciones diferenciadas de violencia para poblaci\u00f3n ind\u00edgena, mujeres y personas defensoras entre otras.&nbsp;<\/p>\n\n\n\n<p>Denunciaron que \u201cla violencia machista permea todos los niveles de Gobierno, diversos personajes se\u00f1alados y denunciados por violencia de g\u00e9nero fungen como funcionarios de alto nivel en el Gobierno del Estado, como lo es Donato Vargas Jim\u00e9nez denunciado por violencia familiar y se\u00f1alado por participar en Redes Sociales, RS, de car\u00e1cter pornogr\u00e1fico en perjuicio de mujeres ind\u00edgenas\u201d.<\/p>\n\n\n\n<p>Tambi\u00e9n se profundiza la militarizaci\u00f3n en particular en zonas donde pueblos ind\u00edgenas luchan contra la imposici\u00f3n de megaproyectos, adem\u00e1s de dotar de presupuestos hist\u00f3ricos para la militarizaci\u00f3n de la seguridad p\u00fablica. Este despliegue de las fuerzas armadas en Oaxaca ha ido acompa\u00f1ado por un creciente el n\u00famero de quejas en su contra, en particular contra la Guardia Nacional.\u00a0<\/p>\n\n\n\n<p>Muestra de ello es que la Comisi\u00f3n Nacional de Derechos Humanos (CNDH) inici\u00f3 77 quejas contra la Guardia Nacional (19 quejas en 2020, 25 en 2021 y 33 en 2022).<\/p>\n\n\n\n<p>De igual forma, la violencia feminicida sigue en aumento, ya que se registr\u00f3 en el periodo de 2018 a 2022 un incremento del 126% en feminicidios y de 131.7% en desapariciones de ni\u00f1as y mujeres tan solo en el 2021.&nbsp;<\/p>\n\n\n\n<p>(Comunicado)<\/p>\n","protected":false},"excerpt":{"rendered":"<p>Redacci\u00f3n\/Zona Roja. Oaxaca de Ju\u00e1rez, Oax., a 7 de diciembre de 2023.- Pese a que&hellip;<\/p>\n","protected":false},"author":2,"featured_media":62935,"comment_status":"closed","ping_status":"open","sticky":false,"template":"","format":"standard","meta":{"_lmt_disableupdate":"","_lmt_disable":"","_jetpack_memberships_contains_paid_content":false,"footnotes":""},"categories":[109,47],"tags":[],"class_list":["post-62962","post","type-post","status-publish","format-standard","has-post-thumbnail","hentry","category-minuto-a-minuto","category-zona-gris"],"jetpack_featured_media_url":"https:\/\/zonaroja.com.mx\/wp-content\/uploads\/2023\/12\/Foro-ConsorcioForo-entre-el-PRI-y-Morena-.jpeg","jetpack_sharing_enabled":true,"_links":{"self":[{"href":"https:\/\/zonaroja.com.mx\/index.php?rest_route=\/wp\/v2\/posts\/62962","targetHints":{"allow":["GET"]}}],"collection":[{"href":"https:\/\/zonaroja.com.mx\/index.php?rest_route=\/wp\/v2\/posts"}],"about":[{"href":"https:\/\/zonaroja.com.mx\/index.php?rest_route=\/wp\/v2\/types\/post"}],"author":[{"embeddable":true,"href":"https:\/\/zonaroja.com.mx\/index.php?rest_route=\/wp\/v2\/users\/2"}],"replies":[{"embeddable":true,"href":"https:\/\/zonaroja.com.mx\/index.php?rest_route=%2Fwp%2Fv2%2Fcomments&post=62962"}],"version-history":[{"count":2,"href":"https:\/\/zonaroja.com.mx\/index.php?rest_route=\/wp\/v2\/posts\/62962\/revisions"}],"predecessor-version":[{"id":62966,"href":"https:\/\/zonaroja.com.mx\/index.php?rest_route=\/wp\/v2\/posts\/62962\/revisions\/62966"}],"wp:featuredmedia":[{"embeddable":true,"href":"https:\/\/zonaroja.com.mx\/index.php?rest_route=\/wp\/v2\/media\/62935"}],"wp:attachment":[{"href":"https:\/\/zonaroja.com.mx\/index.php?rest_route=%2Fwp%2Fv2%2Fmedia&parent=62962"}],"wp:term":[{"taxonomy":"category","embeddable":true,"href":"https:\/\/zonaroja.com.mx\/index.php?rest_route=%2Fwp%2Fv2%2Fcategories&post=62962"},{"taxonomy":"post_tag","embeddable":true,"href":"https:\/\/zonaroja.com.mx\/index.php?rest_route=%2Fwp%2Fv2%2Ftags&post=62962"}],"curies":[{"name":"wp","href":"https:\/\/api.w.org\/{rel}","templated":true}]}}