{"id":62967,"date":"2023-12-07T09:02:00","date_gmt":"2023-12-07T15:02:00","guid":{"rendered":"http:\/\/www.zonaroja.com.mx\/?p=62967"},"modified":"2023-12-07T08:11:32","modified_gmt":"2023-12-07T14:11:32","slug":"paquete-fiscal-2024-en-fast-track-dimes-y-diretes-y-priistas-divididos","status":"publish","type":"post","link":"https:\/\/zonaroja.com.mx\/?p=62967","title":{"rendered":"Paquete fiscal 2024, en \u201cfast track\u201d, dimes y diretes y priistas divididos"},"content":{"rendered":"\n<p>Yuridiana Sosa\/Zona Roja.<\/p>\n\n\n\n<p>Oaxaca de Ju\u00e1rez, Oax., a 6 de diciembre de 2023.- Entre reclamos sobre las deudas que enfrenta el gobierno de Oaxaca, generados por algunos diputados de Morena y del PRI, la 65 Legislatura del Estado aprob\u00f3 la Ley de Ingresos de Oaxaca, para el Ejercicio Fiscal 2024.<\/p>\n\n\n\n<p>Durante la primera sesi\u00f3n extraordinaria de este 6 de diciembre, ambas bancadas se se\u00f1alaron responsabilidades de los problemas econ\u00f3micos, as\u00ed como de esta vez estar a favor del progreso de los oaxaque\u00f1os.<\/p>\n\n\n\n<p>Previo a la votaci\u00f3n de la Ley de Ingresos, el diputado del PRI, Fredy Gil Pineda Gopar, tom\u00f3 la palabra para destacar la participaci\u00f3n de su partido en la nueva Ley, lo que despert\u00f3 el inter\u00e9s de tomar la voz del morenista Sergio L\u00f3pez L\u00f3pez.<\/p>\n\n\n\n<p>Pero fue la intervenci\u00f3n de la diputada Mar\u00eda Luis Matus Fuentes, del PRI, lo que gener\u00f3 una mayor controversia.<\/p>\n\n\n\n<p>\u201cOjal\u00e1 que esa deuda no se incremente y no se adquieran m\u00e1s camionetas\u201d, se\u00f1al\u00f3 la diputada, quien tambi\u00e9n record\u00f3 a la bancada de Morena que durante la 64 Legislatura, cuando tambi\u00e9n fueron mayor\u00eda, se aprobaron el presupuesto y el paquete econ\u00f3mico.<\/p>\n\n\n\n<p>LA DISCUSI\u00d3N<\/p>\n\n\n\n<p>Luego de la participaci\u00f3n del diputado de Morena, Sergio L\u00f3pez L\u00f3pez, en la que se\u00f1al\u00f3 la deuda heredada del gobierno anterior por el PRI, de 17 mil millones de pesos, se abri\u00f3 la discusi\u00f3n por parte de la diputada Mar\u00eda Luisa Matus.<\/p>\n\n\n\n<p>\u201c Y ojal\u00e1 que esa deuda no se incremente y no se adquieran m\u00e1s camionetas\u201d, se\u00f1al\u00f3 la priista, lo que gener\u00f3 molestia entre los morenistas que no dudaron en defender al gobierno actual.<\/p>\n\n\n\n<p>\u201cYa se le olvid\u00f3, diputada que su gobernador nos endeud\u00f3 y por eso estamos pagando los intereses que nos dejaron. Si no nos hubieran dejado deuda tendr\u00edamos m\u00e1s programas sociales. Lo que pasa es que a ustedes se les olvida esa parte\u201d, refut\u00f3 Yesenia Nolasco.<\/p>\n\n\n\n<p>Ante la discusi\u00f3n, el presidente de la Mesa Directiva, Samuel Gurri\u00f3n, trat\u00f3 de poner orden para que tomaran la palabra.<\/p>\n\n\n\n<p>Matus Fuentes les record\u00f3: \u201cLa legislatura pasada, al igual que ahora la mayor\u00eda&nbsp; de diputados pertenec\u00eda a Morena, y fueron quienes aprobaron el presupuesto, el paquete econ\u00f3mico y lo votaron\u201d.<\/p>\n\n\n\n<p>Adem\u00e1s, les se\u00f1al\u00f3 que \u201choy el ex gobernador (Alejandro Murat), &nbsp;no les quiero recordar en qu\u00e9 filas est\u00e1. Parece que nada m\u00e1s llegan y se santifican\u201d.<\/p>\n\n\n\n<p>Es as\u00ed como que asever\u00f3 que &nbsp;\u201chay una corresponsabilidad de los que estamos aqu\u00ed (en el Congreso), de ir a favor de Oaxaca. Lo digo y sostengo\u201d.<\/p>\n\n\n\n<p>Por su parte, minutos antes, el priista Fredy Gil Pineda Gopar resalt\u00f3 a los morenistas que su partido no se va a oponer a \u201csu transformaci\u00f3n, pero s\u00ed vamos a ser muy cr\u00edticos de la realidad de Oaxaca\u201d, en ese sentido, destac\u00f3 que est\u00e1n a la altura y por ello avalaron que se inscribieron diversos beneficios.<\/p>\n\n\n\n<p>Pero al mismo tiempo consign\u00f3 que espera que esos ingresos se vean reflejados en el estado en los rubros que hacen falta potencializar, como el turismo porque ah\u00ed.<\/p>\n\n\n\n<p>\u201cQuiero que sean responsables y que ese presupuesto que va a ingresar sea repartido en la gente y en sectores que lo requiere\u201d.<\/p>\n\n\n\n<p>Sergio L\u00f3pez L\u00f3pez primero destac\u00f3 que este a\u00f1o no hay &nbsp;nuevos impuestos, ni nuevas contribuciones, por el contrario se aprobaron est\u00edmulos fiscales y en el tema de la Ley de Derechos se consider\u00f3 que los estudiantes del nivel media superior de los subsistemas del estado no paguen ni un peso m\u00e1s a partir del 1 de enero.<\/p>\n\n\n\n<p>Pero no dej\u00f3 de resaltar que al gobierno actual le heredaron los gobiernos del pasado, en especial del m\u00e1s reciente de Murat, una deuda de m\u00e1s de 17 mil millones de pesos, pero pese a las complicaciones presupuestales el gobierno de Jara Cruz &nbsp;ha abonado para disminuir la deuda.<\/p>\n\n\n\n<p>SIGUEN RETRASOS<\/p>\n\n\n\n<p>La sesi\u00f3n ordinaria de la 65 Legislatura inici\u00f3 hora y media despu\u00e9s del horario establecido y de nuevo con desorden. S\u00f3lo para que el presidente de la Mesa Directiva diera lectura a algunos dict\u00e1menes en primera lectura y citar a una asamblea extraordinaria, que no tard\u00f3.<\/p>\n\n\n\n<p>Alrededor de las 14:00 horas culmin\u00f3 la primera extraordinaria para dar paso a una segunda sesi\u00f3n adicional, pero hubo confusiones de Samuel Gurri\u00f3n y entre gritos tuvo que precisar que ser\u00eda a las cuatro de la tarde\u2026 aunque inici\u00f3 m\u00e1s de dos horas despu\u00e9s.<\/p>\n\n\n\n<p>La sesi\u00f3n de aprobaci\u00f3n del Presupuesto de Egresos que se preve\u00eda de votaci\u00f3n r\u00e1pida tuvo intervenci\u00f3n de los representantes de cada una de las bancadas.&nbsp;<\/p>\n\n\n\n<p>La supuesta oposici\u00f3n a Morena dijo no estar de acuerdo en algunos t\u00f3picos, pero a\u00fan as\u00ed dieron \u201csu voto de confianza\u201d al paquete presupuestal.<\/p>\n\n\n\n<p>No as\u00ed Mar\u00eda Luis Matus y Liz Concha, priistas, que subieron a tribuna para criticar las inconsistencias.<\/p>\n\n\n\n<p>A punto de iniciar la votaci\u00f3n, Samuel Gurri\u00f3n se enfrasc\u00f3 de nuevo en discusiones personales, con Freddy Gil Pineda.<\/p>\n\n\n\n<p>Y termin\u00f3 coartando la libertad de expresi\u00f3n de la panalista Adriana Altamirano, que en medio de la votaci\u00f3n insist\u00eda a gritos que le dieran la palabra, para fijar un posicionamiento por alusiones personales. Pero la Mesa Directiva se lo neg\u00f3.<\/p>\n\n\n\n<p>\u201cPinche madre\u201d, mascull\u00f3 la legisladora, que al final vot\u00f3 a favor.&nbsp;<\/p>\n","protected":false},"excerpt":{"rendered":"<p>Yuridiana Sosa\/Zona Roja. Oaxaca de Ju\u00e1rez, Oax., a 6 de diciembre de 2023.- Entre reclamos&hellip;<\/p>\n","protected":false},"author":2,"featured_media":62963,"comment_status":"closed","ping_status":"open","sticky":false,"template":"","format":"standard","meta":{"_lmt_disableupdate":"","_lmt_disable":"","_jetpack_memberships_contains_paid_content":false,"footnotes":""},"categories":[109,47],"tags":[2743],"class_list":["post-62967","post","type-post","status-publish","format-standard","has-post-thumbnail","hentry","category-minuto-a-minuto","category-zona-gris","tag-65-legislatura-del-estado-de-oaxaca"],"jetpack_featured_media_url":"https:\/\/zonaroja.com.mx\/wp-content\/uploads\/2023\/12\/Sesion-Congreso-presupuesto.jpg","jetpack_sharing_enabled":true,"_links":{"self":[{"href":"https:\/\/zonaroja.com.mx\/index.php?rest_route=\/wp\/v2\/posts\/62967","targetHints":{"allow":["GET"]}}],"collection":[{"href":"https:\/\/zonaroja.com.mx\/index.php?rest_route=\/wp\/v2\/posts"}],"about":[{"href":"https:\/\/zonaroja.com.mx\/index.php?rest_route=\/wp\/v2\/types\/post"}],"author":[{"embeddable":true,"href":"https:\/\/zonaroja.com.mx\/index.php?rest_route=\/wp\/v2\/users\/2"}],"replies":[{"embeddable":true,"href":"https:\/\/zonaroja.com.mx\/index.php?rest_route=%2Fwp%2Fv2%2Fcomments&post=62967"}],"version-history":[{"count":1,"href":"https:\/\/zonaroja.com.mx\/index.php?rest_route=\/wp\/v2\/posts\/62967\/revisions"}],"predecessor-version":[{"id":62968,"href":"https:\/\/zonaroja.com.mx\/index.php?rest_route=\/wp\/v2\/posts\/62967\/revisions\/62968"}],"wp:featuredmedia":[{"embeddable":true,"href":"https:\/\/zonaroja.com.mx\/index.php?rest_route=\/wp\/v2\/media\/62963"}],"wp:attachment":[{"href":"https:\/\/zonaroja.com.mx\/index.php?rest_route=%2Fwp%2Fv2%2Fmedia&parent=62967"}],"wp:term":[{"taxonomy":"category","embeddable":true,"href":"https:\/\/zonaroja.com.mx\/index.php?rest_route=%2Fwp%2Fv2%2Fcategories&post=62967"},{"taxonomy":"post_tag","embeddable":true,"href":"https:\/\/zonaroja.com.mx\/index.php?rest_route=%2Fwp%2Fv2%2Ftags&post=62967"}],"curies":[{"name":"wp","href":"https:\/\/api.w.org\/{rel}","templated":true}]}}