{"id":62976,"date":"2023-12-07T20:58:58","date_gmt":"2023-12-08T02:58:58","guid":{"rendered":"http:\/\/www.zonaroja.com.mx\/?p=62976"},"modified":"2023-12-07T20:59:00","modified_gmt":"2023-12-08T02:59:00","slug":"entre-protestas-neri-rinde-su-segundo-informe-en-sesion-de-cabildo","status":"publish","type":"post","link":"https:\/\/zonaroja.com.mx\/?p=62976","title":{"rendered":"Entre protestas, Neri rinde su segundo informe en sesi\u00f3n de Cabildo"},"content":{"rendered":"\n<p>Yuridiana Sosa\/Zona Roja.<\/p>\n\n\n\n<p>Oaxaca de Ju\u00e1rez, Oax., a 7 de diciembre de 2023.- Las protestas no dan tregua al presidente de la capital de Oaxaca, Francisco Mart\u00ednez Neri, ni el d\u00eda de su informe por el segundo a\u00f1o de ejercicio.<\/p>\n\n\n\n<p>Desde temprana hora, cientos de comerciantes se reunieron en Plaza de Danza para despu\u00e9s ingresar al palacio municipal y manifestar su descontento por la falta de permisos para puestos temporales en fiestas decembrinas.<\/p>\n\n\n\n<p>El recinto municipal fue abarrotado por los inconformes, quienes fueron atendidos por algunos minutos, pero sin darles soluci\u00f3n.<\/p>\n\n\n\n<p>Luego de permanecer en los pasillos de la sede del ayuntamiento, sin tener una respuesta a su favor, la irritaci\u00f3n envolvi\u00f3 a la multitud, pero creci\u00f3 al ver que las autoridades municipales cerraron las puertas de la sala de Cabildo para el desarrollo de la sesi\u00f3n ordinaria.<\/p>\n\n\n\n<p>\u201c\u00a1Soluci\u00f3n! \u00a1Soluci\u00f3n! \u00a1Soluci\u00f3n! \u00a1Soluci\u00f3n!\u201d, gritaron los comerciantes ambulantes frente a la sala de Cabildo; desesperados por ingresar, comenzaron con rechiflas contra los regidores y el presidente municipal, as\u00ed como en azotar las puertas.<\/p>\n\n\n\n<p>Tras varios minutos, los accesos se abrieron. \u201c\u00a1Adentro todos!\u201d, y en mont\u00f3n, los comerciantes ingresaron. Despu\u00e9s de permanecer por algunos minutos, desistieron de su protesta y se retiraron.<\/p>\n\n\n\n<figure class=\"wp-block-image size-full\"><a href=\"http:\/\/www.zonaroja.com.mx\/wp-content\/uploads\/2023\/12\/Protesta-Rene-Ricardez-en-Cabildo.jpg\" data-rel=\"penci-gallery-image-content\" ><img decoding=\"async\" width=\"1000\" height=\"563\" src=\"http:\/\/www.zonaroja.com.mx\/wp-content\/uploads\/2023\/12\/Protesta-Rene-Ricardez-en-Cabildo.jpg\" alt=\"\" class=\"wp-image-62977\" srcset=\"https:\/\/zonaroja.com.mx\/wp-content\/uploads\/2023\/12\/Protesta-Rene-Ricardez-en-Cabildo.jpg 1000w, https:\/\/zonaroja.com.mx\/wp-content\/uploads\/2023\/12\/Protesta-Rene-Ricardez-en-Cabildo-300x169.jpg 300w, https:\/\/zonaroja.com.mx\/wp-content\/uploads\/2023\/12\/Protesta-Rene-Ricardez-en-Cabildo-768x432.jpg 768w, https:\/\/zonaroja.com.mx\/wp-content\/uploads\/2023\/12\/Protesta-Rene-Ricardez-en-Cabildo-585x329.jpg 585w\" sizes=\"(max-width: 1000px) 100vw, 1000px\" \/><\/a><\/figure>\n\n\n\n<p>VAN CONTRA TERRAZAS<\/p>\n\n\n\n<p>En medio de la protesta y tras m\u00e1s de un a\u00f1o de quejas de la ciudadan\u00eda, sobre la falta de regulaci\u00f3n en bares y fiestas en las terrazas de los recintos en el centro de la capital, el Cabildo municipal aprob\u00f3 un reglamento del Plan Parcial de Conservaci\u00f3n del Centro Hist\u00f3rico.<\/p>\n\n\n\n<p>Con 15 votos a favor y uno en contra, el cabildo por fin dio pie a poner orden al uso indebido de terrazas de hoteles y restaurantes, donde en diferentes ocasiones se desarrollaron actividades sin permisos y hasta altas horas de la madrugada.<\/p>\n\n\n\n<p>El edil Francisco Mart\u00ednez Neri se\u00f1al\u00f3 que la propuesta de esta regulaci\u00f3n fue reconocida por el Instituto Nacional de Antropolog\u00eda e Historia, pues la capital necesita recuperar su imagen, libre de \u201cadefesios que destruyen una ciudad hermosa\u201d.<\/p>\n\n\n\n<p>Mart\u00ednez Neri agreg\u00f3 que se considere a\u00f1adir que para el Consejo consultivo del Centro Hist\u00f3rico, sus integrantes no desempe\u00f1en ninguna actividad af\u00edn con dependencias del orden federal, estatal ni municipal.<\/p>\n\n\n\n<p>SESI\u00d3N SOLEMNE<\/p>\n\n\n\n<p>Tras una pausa a la sesi\u00f3n ordinaria, el Cabildo dio inicio a la sesi\u00f3n solemne para que los regidores y el edil Francisco Mart\u00ednez Neri presentaran al pueblo sus actividades durante el segundo a\u00f1o de gesti\u00f3n.<\/p>\n\n\n\n<p>Sin embargo, y pese a que los manifestantes se hab\u00edan retirado, las protestas continuaron con los integrantes del Cabildo.<\/p>\n\n\n\n<p>La manifestaci\u00f3n fue contra el regidor de Morena, Ren\u00e9 Ric\u00e1rdez Lim\u00f3n, de Bienestar y Normatividad y Nomenclatura Municipal, se\u00f1alado de cometer acoso sexual, pues d\u00edas antes, el propio funcionario indic\u00f3 que el hecho se trat\u00f3 de solo un peque\u00f1o incidente.<\/p>\n\n\n\n<p>No obstante, una mujer mantuvo una pancarta en contra del concejal, mientras le toc\u00f3 el turno en su informe.<\/p>\n\n\n\n<p>Luego de casi dos horas culmin\u00f3 la asamblea solemne. Y de inmediato, Mart\u00ednez Neri abord\u00f3 su veh\u00edculo para acudir a Asunci\u00f3n Nochixtl\u00e1n, a aplaudir a Claudia Sheinbaum\u2026 sin importar la cauda de problem\u00e1ticas en el municipio capitalino.<\/p>\n","protected":false},"excerpt":{"rendered":"<p>Yuridiana Sosa\/Zona Roja. Oaxaca de Ju\u00e1rez, Oax., a 7 de diciembre de 2023.- Las protestas&hellip;<\/p>\n","protected":false},"author":2,"featured_media":62978,"comment_status":"closed","ping_status":"open","sticky":false,"template":"","format":"standard","meta":{"_lmt_disableupdate":"","_lmt_disable":"","_jetpack_memberships_contains_paid_content":false,"footnotes":""},"categories":[109,47],"tags":[2418,148],"class_list":["post-62976","post","type-post","status-publish","format-standard","has-post-thumbnail","hentry","category-minuto-a-minuto","category-zona-gris","tag-francisco-martinez-neri","tag-oaxaca-de-juarez"],"jetpack_featured_media_url":"https:\/\/zonaroja.com.mx\/wp-content\/uploads\/2023\/12\/Protestas-palacio-municipal-Oaxaca.jpg","jetpack_sharing_enabled":true,"_links":{"self":[{"href":"https:\/\/zonaroja.com.mx\/index.php?rest_route=\/wp\/v2\/posts\/62976","targetHints":{"allow":["GET"]}}],"collection":[{"href":"https:\/\/zonaroja.com.mx\/index.php?rest_route=\/wp\/v2\/posts"}],"about":[{"href":"https:\/\/zonaroja.com.mx\/index.php?rest_route=\/wp\/v2\/types\/post"}],"author":[{"embeddable":true,"href":"https:\/\/zonaroja.com.mx\/index.php?rest_route=\/wp\/v2\/users\/2"}],"replies":[{"embeddable":true,"href":"https:\/\/zonaroja.com.mx\/index.php?rest_route=%2Fwp%2Fv2%2Fcomments&post=62976"}],"version-history":[{"count":1,"href":"https:\/\/zonaroja.com.mx\/index.php?rest_route=\/wp\/v2\/posts\/62976\/revisions"}],"predecessor-version":[{"id":62979,"href":"https:\/\/zonaroja.com.mx\/index.php?rest_route=\/wp\/v2\/posts\/62976\/revisions\/62979"}],"wp:featuredmedia":[{"embeddable":true,"href":"https:\/\/zonaroja.com.mx\/index.php?rest_route=\/wp\/v2\/media\/62978"}],"wp:attachment":[{"href":"https:\/\/zonaroja.com.mx\/index.php?rest_route=%2Fwp%2Fv2%2Fmedia&parent=62976"}],"wp:term":[{"taxonomy":"category","embeddable":true,"href":"https:\/\/zonaroja.com.mx\/index.php?rest_route=%2Fwp%2Fv2%2Fcategories&post=62976"},{"taxonomy":"post_tag","embeddable":true,"href":"https:\/\/zonaroja.com.mx\/index.php?rest_route=%2Fwp%2Fv2%2Ftags&post=62976"}],"curies":[{"name":"wp","href":"https:\/\/api.w.org\/{rel}","templated":true}]}}