{"id":6298,"date":"2019-12-03T08:23:15","date_gmt":"2019-12-03T14:23:15","guid":{"rendered":"http:\/\/www.zonaroja.com.mx\/?p=6298"},"modified":"2019-12-03T08:23:18","modified_gmt":"2019-12-03T14:23:18","slug":"amlo-es-el-presidente-mas-fuerte-de-mexico-en-decadas-the-washington-post","status":"publish","type":"post","link":"https:\/\/zonaroja.com.mx\/?p=6298","title":{"rendered":"AMLO es el presidente m\u00e1s fuerte de M\u00e9xico en d\u00e9cadas: The Washington Post"},"content":{"rendered":"\n<p>Redacci\u00f3n\/Zona Roja Cdmx.<\/p>\n\n\n\n<p>Ciudad de M\u00e9xico, 3 de diciembre de\n2019.- Un a\u00f1o despu\u00e9s de asumir el cargo, Andr\u00e9s Manuel L\u00f3pez Obrador es m\u00e1s\nfuerte que cualquier otro presidente mexicano en d\u00e9cadas, de acuerdo con el\ndiario estadounidense \u201cThe Washington Post\u201d.<\/p>\n\n\n\n<p>Para el diario estadounidense, el\nmandatario logro esa fortaleza \u201cestableciendo la agenda de la naci\u00f3n con\nconferencias de prensa diarias, remodelando el gobierno con una revisi\u00f3n\ndr\u00e1stica del presupuesto e introduciendo una serie de programas para ayudar a\nlos agricultores. ancianos y estudiantes\u201d.<\/p>\n\n\n\n<p>\u201cRemodelando el gobierno con una\nrevisi\u00f3n dr\u00e1stica del presupuesto e introduciendo una serie de programas para\nayudar a los agricultores. ancianos y estudiantes\u201d, dice la publicaci\u00f3n.<\/p>\n\n\n\n<p>Seg\u00fan el diario, sus \u00edndices de\naprobaci\u00f3n regularmente superan el 60%, en una regi\u00f3n donde muchos l\u00edderes\nluchan por alcanzar la mitad.<\/p>\n\n\n\n<p>\u201cSin embargo, a medida que el veterano\nizquierdista consolida el poder, los cr\u00edticos temen que est\u00e9 amenazando algunos\nde los logros democr\u00e1ticos de M\u00e9xico que tanto le cost\u00f3 ganar. <\/p>\n\n\n\n<p>\u201cDicen que L\u00f3pez Obrador est\u00e1\ndebilitando las instituciones que salvaguardan los derechos humanos y las\nelecciones limpias y est\u00e1 ejerciendo un mayor control sobre la financiaci\u00f3n a\nlos estados\u201d, expone el rotativo norteamericano.<\/p>\n","protected":false},"excerpt":{"rendered":"<p>Redacci\u00f3n\/Zona Roja Cdmx. Ciudad de M\u00e9xico, 3 de diciembre de 2019.- Un a\u00f1o despu\u00e9s de&hellip;<\/p>\n","protected":false},"author":2,"featured_media":6299,"comment_status":"closed","ping_status":"open","sticky":false,"template":"","format":"standard","meta":{"_lmt_disableupdate":"","_lmt_disable":"","_jetpack_memberships_contains_paid_content":false,"footnotes":""},"categories":[109],"tags":[143],"class_list":["post-6298","post","type-post","status-publish","format-standard","has-post-thumbnail","hentry","category-minuto-a-minuto","tag-andres-manuel-lopez-obrador"],"jetpack_featured_media_url":"https:\/\/zonaroja.com.mx\/wp-content\/uploads\/2019\/12\/amlos.jpg","jetpack_sharing_enabled":true,"_links":{"self":[{"href":"https:\/\/zonaroja.com.mx\/index.php?rest_route=\/wp\/v2\/posts\/6298","targetHints":{"allow":["GET"]}}],"collection":[{"href":"https:\/\/zonaroja.com.mx\/index.php?rest_route=\/wp\/v2\/posts"}],"about":[{"href":"https:\/\/zonaroja.com.mx\/index.php?rest_route=\/wp\/v2\/types\/post"}],"author":[{"embeddable":true,"href":"https:\/\/zonaroja.com.mx\/index.php?rest_route=\/wp\/v2\/users\/2"}],"replies":[{"embeddable":true,"href":"https:\/\/zonaroja.com.mx\/index.php?rest_route=%2Fwp%2Fv2%2Fcomments&post=6298"}],"version-history":[{"count":1,"href":"https:\/\/zonaroja.com.mx\/index.php?rest_route=\/wp\/v2\/posts\/6298\/revisions"}],"predecessor-version":[{"id":6300,"href":"https:\/\/zonaroja.com.mx\/index.php?rest_route=\/wp\/v2\/posts\/6298\/revisions\/6300"}],"wp:featuredmedia":[{"embeddable":true,"href":"https:\/\/zonaroja.com.mx\/index.php?rest_route=\/wp\/v2\/media\/6299"}],"wp:attachment":[{"href":"https:\/\/zonaroja.com.mx\/index.php?rest_route=%2Fwp%2Fv2%2Fmedia&parent=6298"}],"wp:term":[{"taxonomy":"category","embeddable":true,"href":"https:\/\/zonaroja.com.mx\/index.php?rest_route=%2Fwp%2Fv2%2Fcategories&post=6298"},{"taxonomy":"post_tag","embeddable":true,"href":"https:\/\/zonaroja.com.mx\/index.php?rest_route=%2Fwp%2Fv2%2Ftags&post=6298"}],"curies":[{"name":"wp","href":"https:\/\/api.w.org\/{rel}","templated":true}]}}