{"id":62980,"date":"2023-12-08T07:02:00","date_gmt":"2023-12-08T13:02:00","guid":{"rendered":"http:\/\/www.zonaroja.com.mx\/?p=62980"},"modified":"2023-12-08T06:55:22","modified_gmt":"2023-12-08T12:55:22","slug":"amlo-y-sheinbaum-acusan-drogadiccion-en-jovenes-asesinados-en-ceyala","status":"publish","type":"post","link":"https:\/\/zonaroja.com.mx\/?p=62980","title":{"rendered":"AMLO y Sheinbaum acusan drogadicci\u00f3n en j\u00f3venes asesinados en Ceyala"},"content":{"rendered":"\n<p>Redacci\u00f3n\/Zona Roja Cdmx.<\/p>\n\n\n\n<p>Ciudad de M\u00e9xico, a 8 de diciembre de 2023.- La precandidata de Morena a la Presidencia de la Rep\u00fablica, Claudia Sheinbaum, infiri\u00f3 que el asesinato de seis j\u00f3venes en Celaya, Guanajuato, se relaciona con el consumo de drogas.<\/p>\n\n\n\n<p>Un d\u00eda despu\u00e9s de que el presidente Andr\u00e9s Manuel L\u00f3pez Obrador hiciera declaraciones en el mismo sentido, Sheinbaum se\u00f1al\u00f3 que Guanajuato es el estado del pa\u00eds con el mayor uso de sustancias entre j\u00f3venes.<\/p>\n\n\n\n<p>\u00abPrimero, es una tragedia que j\u00f3venes sean asesinados en nuestro pa\u00eds. Yo creo que todos estamos de acuerdo en que eso no debe seguir ocurriendo, que han disminuido los homicidios en M\u00e9xico, pero tenemos que seguir trabajando para que no ocurra y menos por un asunto de adquisici\u00f3n de estupefacientes, de droga\u00bb, declar\u00f3 ante medios de comunicaci\u00f3n en una gira por Puebla.<\/p>\n\n\n\n<p>La aspirante presidencial de Morena agreg\u00f3 que el cristal es una de las drogas que m\u00e1s se consume en Guanajuato por los j\u00f3venes.<\/p>\n\n\n\n<p>\u00ab\u00bfQu\u00e9 tiene que ver ah\u00ed? No solamente la parte de la Guardia Nacional, de la seguridad, etc\u00e9tera, sino las alternativas a los j\u00f3venes en Guanajuato\u00bb, agreg\u00f3.<\/p>\n\n\n\n<p>COMPRABAN DROGA<\/p>\n\n\n\n<p>Este martes 6 de diciembre, tres d\u00edas despu\u00e9s de que fueran hallados los cuerpos de los j\u00f3venes de Celaya, L\u00f3pez Obrador sostuvo que fueron asesinados por ir a comprar droga.<\/p>\n\n\n\n<p>\u00abEstos muchachos que asesinaron en Guanajuato fue por el consumo, porque le fueron a comprar a alguien que estaba vendiendo droga en un territorio que pertenec\u00eda a otra banda\u00bb, declar\u00f3 el mandatario federal en su conferencia matutina.<\/p>\n\n\n\n<p>En la misma l\u00ednea que Sheinbaum, L\u00f3pez Obrador afirm\u00f3 que para evitar los homicidios de j\u00f3venes es necesario brindarles oportunidades que los alejen del consumo de sustancias.<\/p>\n\n\n\n<p>\u00abY eso solo con amor, con atenci\u00f3n a los j\u00f3venes, con apapacho. Que los j\u00f3venes tengan posibilidad de trabajo, tengan posibilidad de estudio, que no se sientan solos, que no haya vac\u00edos, que puedan ser felices sin la droga, eso es important\u00edsimo\u00bb, mencion\u00f3.<\/p>\n\n\n\n<p>INDIGNAN DECLARACIONES<\/p>\n\n\n\n<p>El asesinato de los seis j\u00f3venes, tres de ellos estudiantes de medicina de la Universidad Latina de M\u00e9xico, y las declaraciones del presidente provocaron indignaci\u00f3n entre los habitantes de Celaya, quienes marcharon ayer en demanda de justicia.<\/p>\n\n\n\n<p>Adem\u00e1s, la universidad suspendi\u00f3 clases en se\u00f1al de luto y los alumnos organizaron una misa por sus compa\u00f1eros asesinados.<\/p>\n\n\n\n<p>Javier Mendoza M\u00e1rquez, alcalde de Celaya, exigi\u00f3 a L\u00f3pez Obrador asumir su responsabilidad en el combate al crimen organizado y le reproch\u00f3 criminalizar a las v\u00edctimas al vincularlas con la compra de drogas cuando no hay pruebas de eso.<\/p>\n\n\n\n<p>\u00abEs muy triste que haga ese tipo de comentarios. Tiene que asumir sus responsabilidades, es un tema de delincuencia organizada, lamentablemente. No se vale evadir responsabilidades y que quieran meter cortinas de humo, de ser revictimizantes con estos j\u00f3venes que eran estudiantes, algunos iban ya a terminar su carrera\u00bb, declar\u00f3.<\/p>\n\n\n\n<p>Tras la pol\u00e9mica, L\u00f3pez Obrador dijo este jueves que el gobernador de Guanajuato, el panista Diego Sinhue Rodr\u00edguez, pidi\u00f3 a la Secretar\u00eda de Seguridad federal apoyo en el combate la violencia.<\/p>\n\n\n\n<p>\u00abY lo vamos a hacer, lo tenemos que hacer. Podemos tener diferencias de otro tipo, pero es la seguridad de la gente\u00bb, afirm\u00f3.<\/p>\n","protected":false},"excerpt":{"rendered":"<p>Redacci\u00f3n\/Zona Roja Cdmx. Ciudad de M\u00e9xico, a 8 de diciembre de 2023.- La precandidata de&hellip;<\/p>\n","protected":false},"author":2,"featured_media":62869,"comment_status":"closed","ping_status":"open","sticky":false,"template":"","format":"standard","meta":{"_lmt_disableupdate":"","_lmt_disable":"","_jetpack_memberships_contains_paid_content":false,"footnotes":""},"categories":[109,47],"tags":[3508],"class_list":["post-62980","post","type-post","status-publish","format-standard","has-post-thumbnail","hentry","category-minuto-a-minuto","category-zona-gris","tag-violencia-en-guanajuato"],"jetpack_featured_media_url":"https:\/\/zonaroja.com.mx\/wp-content\/uploads\/2023\/12\/Jovenes-asesinados-Celaya-Guanajuato.jpg","jetpack_sharing_enabled":true,"_links":{"self":[{"href":"https:\/\/zonaroja.com.mx\/index.php?rest_route=\/wp\/v2\/posts\/62980","targetHints":{"allow":["GET"]}}],"collection":[{"href":"https:\/\/zonaroja.com.mx\/index.php?rest_route=\/wp\/v2\/posts"}],"about":[{"href":"https:\/\/zonaroja.com.mx\/index.php?rest_route=\/wp\/v2\/types\/post"}],"author":[{"embeddable":true,"href":"https:\/\/zonaroja.com.mx\/index.php?rest_route=\/wp\/v2\/users\/2"}],"replies":[{"embeddable":true,"href":"https:\/\/zonaroja.com.mx\/index.php?rest_route=%2Fwp%2Fv2%2Fcomments&post=62980"}],"version-history":[{"count":1,"href":"https:\/\/zonaroja.com.mx\/index.php?rest_route=\/wp\/v2\/posts\/62980\/revisions"}],"predecessor-version":[{"id":62981,"href":"https:\/\/zonaroja.com.mx\/index.php?rest_route=\/wp\/v2\/posts\/62980\/revisions\/62981"}],"wp:featuredmedia":[{"embeddable":true,"href":"https:\/\/zonaroja.com.mx\/index.php?rest_route=\/wp\/v2\/media\/62869"}],"wp:attachment":[{"href":"https:\/\/zonaroja.com.mx\/index.php?rest_route=%2Fwp%2Fv2%2Fmedia&parent=62980"}],"wp:term":[{"taxonomy":"category","embeddable":true,"href":"https:\/\/zonaroja.com.mx\/index.php?rest_route=%2Fwp%2Fv2%2Fcategories&post=62980"},{"taxonomy":"post_tag","embeddable":true,"href":"https:\/\/zonaroja.com.mx\/index.php?rest_route=%2Fwp%2Fv2%2Ftags&post=62980"}],"curies":[{"name":"wp","href":"https:\/\/api.w.org\/{rel}","templated":true}]}}