{"id":62993,"date":"2023-12-08T13:30:00","date_gmt":"2023-12-08T19:30:00","guid":{"rendered":"http:\/\/www.zonaroja.com.mx\/?p=62993"},"modified":"2023-12-08T07:46:01","modified_gmt":"2023-12-08T13:46:01","slug":"tras-nuevo-record-en-noviembre-el-ano-2023-sera-el-mas-caluroso","status":"publish","type":"post","link":"https:\/\/zonaroja.com.mx\/?p=62993","title":{"rendered":"Tras nuevo r\u00e9cord en noviembre, el a\u00f1o 2023 ser\u00e1 el m\u00e1s caluroso"},"content":{"rendered":"\n<p>Redacci\u00f3n\/Zona Roja Cdmx.<\/p>\n\n\n\n<p>Ciudad de M\u00e9xico, a 8 de diciembre de 2023.- El a\u00f1o 2023 ser\u00e1 el m\u00e1s caluroso jam\u00e1s registrado tras un noviembre que marc\u00f3 el sexto r\u00e9cord mensual consecutivo de temperaturas, indic\u00f3 el mi\u00e9rcoles el sistema de monitoreo de la Uni\u00f3n Europea (UE), acentuando la presi\u00f3n sobre las negociaciones de la COP28 sobre el calentamiento global.<\/p>\n\n\n\n<p>Con una media de 14,22 \u00baC en la superficie terrestre, el mes pasado supera por 0,32 \u00baC el r\u00e9cord anterior, establecido en noviembre de 2020. Tambi\u00e9n fue 1,75 \u00baC m\u00e1s caluroso que la estimaci\u00f3n de la media del mes de noviembre entre 1850 y 1900, periodo de referencia de la era preindustrial.<\/p>\n\n\n\n<p>El oto\u00f1o boreal 2023 (de septiembre a noviembre en el hemisferio norte) fue el m\u00e1s caluroso de la historia \u00abpor un amplio margen\u00bb con 15,30 \u00baC, es decir 0,88 \u00baC por encima de la media.<\/p>\n\n\n\n<p>\u00abEl 2023 tiene ahora seis meses y dos estaciones r\u00e9cord. Las excepcionales temperaturas globales de noviembre, con dos d\u00edas con 2 \u00baC por encima de los [niveles] preindustriales, significan que 2023 ser\u00e1 el a\u00f1o m\u00e1s caluroso de los registros hist\u00f3ricos\u00bb, afirm\u00f3 en un comunicado Samantha Burgess, directora adjunta del Servicio de Cambio Clim\u00e1tico (C3S) del Programa Copernicus de Observaci\u00f3n de la Tierra.<\/p>\n\n\n\n<p>Desde enero, la temperatura media fue la m\u00e1s c\u00e1lida jam\u00e1s registrada en los once primeros meses del a\u00f1o: 1,46 \u00b0C por encima de la media del periodo 1850-1900.<\/p>\n\n\n\n<p>Eso significa que el mundo est\u00e1 preocupantemente cerca de los 1,5 \u00baC de calentamiento respecto al punto de referencia preindustrial, un umbral clave en el acuerdo clim\u00e1tico de Par\u00eds de 2015.<\/p>\n\n\n\n<p>Ya exist\u00edan proyecciones de que que 2023 podr\u00eda arrebatarle el t\u00edtulo de a\u00f1o m\u00e1s c\u00e1lido a 2016, especialmente despu\u00e9s de que se batieran r\u00e9cords en septiembre y octubre, pero este mi\u00e9rcoles esa previsi\u00f3n se confirm\u00f3.<\/p>\n\n\n\n<p>Seg\u00fan Copernicus, cuyos registros comienzan en 1940, los primeros 11 meses de este a\u00f1o fueron 0,13 \u00baC m\u00e1s c\u00e1lidos que en 2016.<\/p>\n\n\n\n<p>\u00abMientras sigan aumentando las concentraciones de gases de efecto invernadero, no podemos esperar resultados diferentes de los observados este a\u00f1o. Las temperaturas seguir\u00e1n aumentando, al igual que los efectos de las olas de calor y las sequ\u00edas\u00bb, advirti\u00f3 Carlo Buontempo, director del C3S, citado en el comunicado.<\/p>\n\n\n\n<p>El fen\u00f3meno clim\u00e1tico c\u00edclico de El Ni\u00f1o, que se produce en el Pac\u00edfico, reforz\u00f3 el aumento de las temperaturas en 2023 y a\u00fan no ha alcanzado su punto \u00e1lgido.<\/p>\n\n\n\n<p>En noviembre de 2023, la temperatura en la superficie de los oc\u00e9anos tambi\u00e9n fue la m\u00e1s calurosa para esta \u00e9poca del a\u00f1o, 0,25 \u00b0C por encima del r\u00e9cord anterior, establecido en noviembre de 2015. Este nuevo r\u00e9cord mensual de calor se suma a los ya batidos cada mes desde abril.<\/p>\n\n\n\n<p>(Informaci\u00f3n de \u201cLa Jornada\u201d)<\/p>\n","protected":false},"excerpt":{"rendered":"<p>Redacci\u00f3n\/Zona Roja Cdmx. Ciudad de M\u00e9xico, a 8 de diciembre de 2023.- El a\u00f1o 2023&hellip;<\/p>\n","protected":false},"author":2,"featured_media":58093,"comment_status":"closed","ping_status":"open","sticky":false,"template":"","format":"standard","meta":{"_lmt_disableupdate":"","_lmt_disable":"","_jetpack_memberships_contains_paid_content":false,"footnotes":""},"categories":[109,47],"tags":[],"class_list":["post-62993","post","type-post","status-publish","format-standard","has-post-thumbnail","hentry","category-minuto-a-minuto","category-zona-gris"],"jetpack_featured_media_url":"https:\/\/zonaroja.com.mx\/wp-content\/uploads\/2023\/07\/Ola-de-calor.jpg","jetpack_sharing_enabled":true,"_links":{"self":[{"href":"https:\/\/zonaroja.com.mx\/index.php?rest_route=\/wp\/v2\/posts\/62993","targetHints":{"allow":["GET"]}}],"collection":[{"href":"https:\/\/zonaroja.com.mx\/index.php?rest_route=\/wp\/v2\/posts"}],"about":[{"href":"https:\/\/zonaroja.com.mx\/index.php?rest_route=\/wp\/v2\/types\/post"}],"author":[{"embeddable":true,"href":"https:\/\/zonaroja.com.mx\/index.php?rest_route=\/wp\/v2\/users\/2"}],"replies":[{"embeddable":true,"href":"https:\/\/zonaroja.com.mx\/index.php?rest_route=%2Fwp%2Fv2%2Fcomments&post=62993"}],"version-history":[{"count":1,"href":"https:\/\/zonaroja.com.mx\/index.php?rest_route=\/wp\/v2\/posts\/62993\/revisions"}],"predecessor-version":[{"id":62994,"href":"https:\/\/zonaroja.com.mx\/index.php?rest_route=\/wp\/v2\/posts\/62993\/revisions\/62994"}],"wp:featuredmedia":[{"embeddable":true,"href":"https:\/\/zonaroja.com.mx\/index.php?rest_route=\/wp\/v2\/media\/58093"}],"wp:attachment":[{"href":"https:\/\/zonaroja.com.mx\/index.php?rest_route=%2Fwp%2Fv2%2Fmedia&parent=62993"}],"wp:term":[{"taxonomy":"category","embeddable":true,"href":"https:\/\/zonaroja.com.mx\/index.php?rest_route=%2Fwp%2Fv2%2Fcategories&post=62993"},{"taxonomy":"post_tag","embeddable":true,"href":"https:\/\/zonaroja.com.mx\/index.php?rest_route=%2Fwp%2Fv2%2Ftags&post=62993"}],"curies":[{"name":"wp","href":"https:\/\/api.w.org\/{rel}","templated":true}]}}