{"id":62995,"date":"2023-12-08T13:46:00","date_gmt":"2023-12-08T19:46:00","guid":{"rendered":"http:\/\/www.zonaroja.com.mx\/?p=62995"},"modified":"2023-12-08T08:01:21","modified_gmt":"2023-12-08T14:01:21","slug":"presenta-el-inpi-avances-en-plan-de-justicia-de-pueblos-de-la-sierra-madre-oriental","status":"publish","type":"post","link":"https:\/\/zonaroja.com.mx\/?p=62995","title":{"rendered":"Presenta el INPI avances en Plan de Justicia de pueblos de la Sierra Madre Oriental"},"content":{"rendered":"\n<p>Redacci\u00f3n\/Zona Roja.<\/p>\n\n\n\n<p>Tepic, Nayarit, 8 de diciembre de 2023.- Con el objetivo de cumplir la instrucci\u00f3n del presidente Andr\u00e9s Manuel L\u00f3pez Obrador, de atender de manera directa y en territorio a los pueblos ind\u00edgenas, el Gobierno de M\u00e9xico, en coordinaci\u00f3n con autoridades tradicionales, realiz\u00f3 reuniones de evaluaci\u00f3n y presentaci\u00f3n de avances del Plan de Justicia de los pueblos wix\u00e1rika, n\u00e1ayeri, o\u2019dam o au\u2019dam y mexikan, de los estados de Jalisco, Nayarit y Durango.<\/p>\n\n\n\n<p>Durante tres d\u00edas se instalaron mesas de trabajo y se llevaron a cabo asambleas plenarias en las ciudades de Durango; Colotl\u00e1n, Jalisco, y Tepic, Nayarit, donde dependencias federales y autoridades tradicionales informaron alcances de las distintas tem\u00e1ticas del plan de justicia.<\/p>\n\n\n\n<p>El director general del Instituto Nacional de los Pueblos Ind\u00edgenas (INPI), Adelfo Regino Montes, subray\u00f3 que uno de los avances m\u00e1s destacados de este plan de justicia tiene que ver con la emisi\u00f3n del decreto presidencial que reconoce y protege sus lugares sagrados, la restituci\u00f3n de sus tierras tradicionales, la construcci\u00f3n de sus caminos artesanales y el apoyo a la educaci\u00f3n ind\u00edgena.<\/p>\n\n\n\n<p>Los planes, dijo, \u201chan sido un instrumento de unidad, de di\u00e1logo horizontal y respetuoso, en los cuales no se ha impuesto nada, la palabra de todos vale por igual y el pensamiento de los pueblos es el pensamiento y la l\u00f3gica que gu\u00edan los planes\u201d.<\/p>\n\n\n\n<p>La gobernadora tradicional de Xoconostle, Durango, Virginia Flores Flores, convoc\u00f3 a los representantes de los pueblos wix\u00e1rika, n\u00e1ayeri, o\u2019dam o au\u2019dam y mexikan a comprometerse en lo que les toca como autoridad para concretar en acciones el Plan de Justicia.<\/p>\n\n\n\n<p>Reconoci\u00f3 la nueva relaci\u00f3n entre el Estado y los pueblos y comunidades ind\u00edgenas, por lo que hizo un llamado a los gobernadores tradicionales:<\/p>\n\n\n\n<p>\u201cEs una oportunidad de demostrarnos a nosotros mismos que sabemos hacer las cosas bien, en lo que a cada uno le toca; participar, organizar, dirigir, vigilar, anteponiendo el amor por nuestro pueblo, por lo que estamos aqu\u00ed.\u201d<\/p>\n\n\n\n<p>El presidente del Comisariado de Bienes Comunales de San Sebasti\u00e1n Teponahuaxtl\u00e1n, Misael Cruz de Haro, reconoci\u00f3 y agradeci\u00f3 el apoyo del Gobierno de M\u00e9xico para lograr la restituci\u00f3n de sus tierras y la construcci\u00f3n de los caminos artesanales, en cumplimiento del Plan de Justicia.<\/p>\n\n\n\n<p>El gobernador tradicional de Santiago Teneraca, Rufino Cort\u00e9s Flores, coincidi\u00f3 con la segunda gobernadora tradicional del pueblo mexikan de Santa Cruz, municipio de Acaponeta, Fidencia de Jes\u00fas Ju\u00e1rez, en que es un momento hist\u00f3rico y especial para los pueblos ind\u00edgenas del occidente del pa\u00eds al reconocerse sus sitios y lugares sagrados.<\/p>\n\n\n\n<p>Las autoridades tradicionales resaltaron la voluntad y el inter\u00e9s del Gobierno de M\u00e9xico con los pueblos que hist\u00f3ricamente han estado olvidados, para materializar sus leg\u00edtimas demandas centrados en el reconocimiento de su espiritualidad.<\/p>\n\n\n\n<p>TRABAJO EN TERRITORIO<\/p>\n\n\n\n<p>La comisionada para el Di\u00e1logo con los Pueblos Ind\u00edgenas de M\u00e9xico de la Secretar\u00eda de Gobernaci\u00f3n (Segob), Josefina Bravo Rangel, se\u00f1al\u00f3 que detr\u00e1s de la emisi\u00f3n del decreto por el que se reconocen y protegen los lugares sagrados de los pueblos ind\u00edgenas wix\u00e1rika, n\u00e1ayeri, o\u2019dam o au\u2019dam y mexikan, firmado por el presidente L\u00f3pez Obrador el pasado 9 de agosto, fue creada una comisi\u00f3n presidencial que ha llevado a cabo diversas acciones en territorio entre los cinco pueblos y dependencias del Gobierno de M\u00e9xico.<\/p>\n\n\n\n<p>La presidenta del Consejo Nacional para Prevenir la Discriminaci\u00f3n (Conapred), Claudia Olivia Morales Reza, destac\u00f3 que este plan es \u00fanico entre todos los que se han instrumentado a lo largo del pa\u00eds, porque el tema coyuntural es la identidad, la cultura y los lugares sagrados.<\/p>\n\n\n\n<p>\u201cEste gobierno inici\u00f3 su caminar al lado de las comunidades ind\u00edgenas, para atender sus m\u00e1s leg\u00edtimas demandas y eso habla de una forma de gobernar con pertinencia cultural.\u201d<\/p>\n\n\n\n<p>El coordinador general de Derechos Ind\u00edgenas del INPI y tambi\u00e9n coordinador del Plan de Justicia del Pueblo Yaqui, Hugo Aguilar Ortiz, afirm\u00f3 que los planes de justicia se consolidan como la pol\u00edtica p\u00fablica m\u00e1s importante para los pueblos ind\u00edgenas en el actual gobierno de la Rep\u00fablica, porque miran a los que menos tienen.<\/p>\n\n\n\n<p>LOS AVANCES<\/p>\n\n\n\n<p>Durante las asambleas plenarias de las tres entidades, se informaron avances de los cuatro temas que integran del plan de justicia:<\/p>\n\n\n\n<p>Con relaci\u00f3n al tema \u201cLugares sagrados, cultura e identidad\u201d, se inform\u00f3 que el pasado 9 de agosto el presidente L\u00f3pez Obrador firm\u00f3 el decreto por el que se reconocen y protegen los lugares sagrados de los pueblos ind\u00edgenas wix\u00e1rika, n\u00e1ayeri, o\u2019dam o au\u2019dam y mexikan. Asimismo, se cre\u00f3 e instal\u00f3 la Comisi\u00f3n Presidencial del Decreto de Lugares Sagrados.<\/p>\n\n\n\n<p>Se avanz\u00f3 tambi\u00e9n en la colocaci\u00f3n de placas y mojoneras para delimitar los territorios de Te\u2019ekata, Santa Catarina Cuexcomatitl\u00e1n, Jalisco, y Hauxa Manaka, Cerro Gordo, municipio de Pueblo Nuevo, Durango.<\/p>\n","protected":false},"excerpt":{"rendered":"<p>Redacci\u00f3n\/Zona Roja. Tepic, Nayarit, 8 de diciembre de 2023.- Con el objetivo de cumplir la&hellip;<\/p>\n","protected":false},"author":2,"featured_media":62997,"comment_status":"closed","ping_status":"open","sticky":false,"template":"","format":"standard","meta":{"_lmt_disableupdate":"","_lmt_disable":"","_jetpack_memberships_contains_paid_content":false,"footnotes":""},"categories":[109,46],"tags":[557],"class_list":["post-62995","post","type-post","status-publish","format-standard","has-post-thumbnail","hentry","category-minuto-a-minuto","category-zona-blanca","tag-adelfo-regino-montes"],"jetpack_featured_media_url":"https:\/\/zonaroja.com.mx\/wp-content\/uploads\/2023\/12\/Adelfo-Regino-autoridades-tradicionales-plan-de-justicia.jpeg","jetpack_sharing_enabled":true,"_links":{"self":[{"href":"https:\/\/zonaroja.com.mx\/index.php?rest_route=\/wp\/v2\/posts\/62995","targetHints":{"allow":["GET"]}}],"collection":[{"href":"https:\/\/zonaroja.com.mx\/index.php?rest_route=\/wp\/v2\/posts"}],"about":[{"href":"https:\/\/zonaroja.com.mx\/index.php?rest_route=\/wp\/v2\/types\/post"}],"author":[{"embeddable":true,"href":"https:\/\/zonaroja.com.mx\/index.php?rest_route=\/wp\/v2\/users\/2"}],"replies":[{"embeddable":true,"href":"https:\/\/zonaroja.com.mx\/index.php?rest_route=%2Fwp%2Fv2%2Fcomments&post=62995"}],"version-history":[{"count":1,"href":"https:\/\/zonaroja.com.mx\/index.php?rest_route=\/wp\/v2\/posts\/62995\/revisions"}],"predecessor-version":[{"id":62998,"href":"https:\/\/zonaroja.com.mx\/index.php?rest_route=\/wp\/v2\/posts\/62995\/revisions\/62998"}],"wp:featuredmedia":[{"embeddable":true,"href":"https:\/\/zonaroja.com.mx\/index.php?rest_route=\/wp\/v2\/media\/62997"}],"wp:attachment":[{"href":"https:\/\/zonaroja.com.mx\/index.php?rest_route=%2Fwp%2Fv2%2Fmedia&parent=62995"}],"wp:term":[{"taxonomy":"category","embeddable":true,"href":"https:\/\/zonaroja.com.mx\/index.php?rest_route=%2Fwp%2Fv2%2Fcategories&post=62995"},{"taxonomy":"post_tag","embeddable":true,"href":"https:\/\/zonaroja.com.mx\/index.php?rest_route=%2Fwp%2Fv2%2Ftags&post=62995"}],"curies":[{"name":"wp","href":"https:\/\/api.w.org\/{rel}","templated":true}]}}