{"id":63006,"date":"2023-12-08T20:59:59","date_gmt":"2023-12-09T02:59:59","guid":{"rendered":"http:\/\/www.zonaroja.com.mx\/?p=63006"},"modified":"2023-12-08T21:00:01","modified_gmt":"2023-12-09T03:00:01","slug":"van-tres-detenidos-por-masacres-en-la-mixteca-asegura-fiscal-alamilla","status":"publish","type":"post","link":"https:\/\/zonaroja.com.mx\/?p=63006","title":{"rendered":"Van tres detenidos por masacres en la Mixteca, asegura fiscal Alamilla"},"content":{"rendered":"\n<p>Yuridiana Sosa\/Zona Roja.<\/p>\n\n\n\n<p>Oaxaca de Ju\u00e1rez, Oax., a 8 de diciembre de 2023.- Tres personas han sido detenidas tras las recientes masacres ocurridas en la regi\u00f3n Mixteca de Oaxaca, una de las cuales presuntamente es profesor y cuenta antecedentes por otros delitos.<\/p>\n\n\n\n<p>En entrevista, el fiscal General de Oaxaca, Bernardo Rodr\u00edguez Alamilla, indic\u00f3 que es habitante de la comunidad y contra quien adem\u00e1s la Fiscal\u00eda del Estado ten\u00eda una carpeta de investigaci\u00f3n por tentativa de homicidio de hace dos a\u00f1os.<\/p>\n\n\n\n<p>Ahora, tras el caso m\u00e1s reciente, la poblaci\u00f3n lo se\u00f1ala como uno de los presuntos responsables de los homicidios en Magdalena Jaltepec, sin embargo se reserv\u00f3 confirmar el perfil del detenido.<\/p>\n\n\n\n<p>De acuerdo con informaci\u00f3n preliminar desde la comunidad afectada, se trata de un profesor del nivel media superior, de CBTIS.<\/p>\n\n\n\n<p>LOS AVANCES<\/p>\n\n\n\n<p>Sobre el caso de la embocada contra habitantes y Agentes Estatales de Investigaci\u00f3n en San Miguel El Grande, el titular de la Fiscal\u00eda de Oaxaca&nbsp; indic\u00f3 que tambi\u00e9n se cuenta con la detenci\u00f3n de una persona.<\/p>\n\n\n\n<p>En ambos casos de las comunidades de la regi\u00f3n Mixteca \u2014de Magdalena Jaltepec y de San Miguel El Grande- dijo que hay avances importantes en las carpetas de investigaci\u00f3n.<\/p>\n\n\n\n<p>En el caso particular de San Miguel el Grande, sostuvo que el tr\u00e1fico de armas es parte de este conflicto, por lo que se considera como una de las l\u00edneas de investigaci\u00f3n, sobre todo por el calibre de las armas ocupadas, sin descartar que haya un componente forestal.<\/p>\n\n\n\n<p>OTROS PROBLEMAS<\/p>\n\n\n\n<p>El fiscal Bernardo Rodr\u00edguez Alamilla reconoci\u00f3 que la regi\u00f3n Mixteca ha sido una de las zonas m\u00e1s complicadas este a\u00f1o con la comisi\u00f3n de diversos delitos, por lo que est\u00e1n implementando mayores acciones para lograr justicia en los casos.<\/p>\n\n\n\n<p>Indic\u00f3 que adem\u00e1s de temas agrarios y robo de autotransporte, a principio de a\u00f1o se registr\u00f3 una alta incidencia en homicidios dolosos, por los que se establecen procesos muy particulares que han llevado a la detenci\u00f3n de personas.<\/p>\n\n\n\n<p>Es a partir del segundo semestres que se presenta una disminuci\u00f3n, y en el caso de los conflictos agrarios se ha unido al gobierno del estado para llevar a cabo estrategias integrales para abatir la problem\u00e1tica, en la que la seguridad tiene es primordial para evitar m\u00e1s hechos violentos.<\/p>\n","protected":false},"excerpt":{"rendered":"<p>Yuridiana Sosa\/Zona Roja. Oaxaca de Ju\u00e1rez, Oax., a 8 de diciembre de 2023.- Tres personas&hellip;<\/p>\n","protected":false},"author":2,"featured_media":63008,"comment_status":"closed","ping_status":"open","sticky":false,"template":"","format":"standard","meta":{"_lmt_disableupdate":"","_lmt_disable":"","_jetpack_memberships_contains_paid_content":false,"footnotes":""},"categories":[109,46],"tags":[1262,494],"class_list":["post-63006","post","type-post","status-publish","format-standard","has-post-thumbnail","hentry","category-minuto-a-minuto","category-zona-blanca","tag-bernardo-rodriguez-alamilla","tag-fiscalia-general-del-estado-de-oaxaca"],"jetpack_featured_media_url":"https:\/\/zonaroja.com.mx\/wp-content\/uploads\/2023\/12\/Bernardo-Rodriguez-Alamilla.jpg","jetpack_sharing_enabled":true,"_links":{"self":[{"href":"https:\/\/zonaroja.com.mx\/index.php?rest_route=\/wp\/v2\/posts\/63006","targetHints":{"allow":["GET"]}}],"collection":[{"href":"https:\/\/zonaroja.com.mx\/index.php?rest_route=\/wp\/v2\/posts"}],"about":[{"href":"https:\/\/zonaroja.com.mx\/index.php?rest_route=\/wp\/v2\/types\/post"}],"author":[{"embeddable":true,"href":"https:\/\/zonaroja.com.mx\/index.php?rest_route=\/wp\/v2\/users\/2"}],"replies":[{"embeddable":true,"href":"https:\/\/zonaroja.com.mx\/index.php?rest_route=%2Fwp%2Fv2%2Fcomments&post=63006"}],"version-history":[{"count":1,"href":"https:\/\/zonaroja.com.mx\/index.php?rest_route=\/wp\/v2\/posts\/63006\/revisions"}],"predecessor-version":[{"id":63009,"href":"https:\/\/zonaroja.com.mx\/index.php?rest_route=\/wp\/v2\/posts\/63006\/revisions\/63009"}],"wp:featuredmedia":[{"embeddable":true,"href":"https:\/\/zonaroja.com.mx\/index.php?rest_route=\/wp\/v2\/media\/63008"}],"wp:attachment":[{"href":"https:\/\/zonaroja.com.mx\/index.php?rest_route=%2Fwp%2Fv2%2Fmedia&parent=63006"}],"wp:term":[{"taxonomy":"category","embeddable":true,"href":"https:\/\/zonaroja.com.mx\/index.php?rest_route=%2Fwp%2Fv2%2Fcategories&post=63006"},{"taxonomy":"post_tag","embeddable":true,"href":"https:\/\/zonaroja.com.mx\/index.php?rest_route=%2Fwp%2Fv2%2Ftags&post=63006"}],"curies":[{"name":"wp","href":"https:\/\/api.w.org\/{rel}","templated":true}]}}