{"id":63010,"date":"2023-12-08T21:32:33","date_gmt":"2023-12-09T03:32:33","guid":{"rendered":"http:\/\/www.zonaroja.com.mx\/?p=63010"},"modified":"2023-12-08T21:32:35","modified_gmt":"2023-12-09T03:32:35","slug":"enfrentamiento-entre-crimen-organizado-y-civiles-deja-11-muertos-en-edomex","status":"publish","type":"post","link":"https:\/\/zonaroja.com.mx\/?p=63010","title":{"rendered":"Enfrentamiento entre crimen organizado y civiles deja 11 muertos en Edomex"},"content":{"rendered":"\n<p>Redacci\u00f3n\/Zona Roja Cdmx.<\/p>\n\n\n\n<p>Ciudad de M\u00e9xico, a 8 de diciembre de 2023.- La Secretar\u00eda de Seguridad (SS) del Estado de M\u00e9xico confirm\u00f3 que 11 personas murieron tras el enfrentamiento entre presuntos integrantes del crimen organizado y pobladores de Texcaltitl\u00e1n, Estado de M\u00e9xico.<\/p>\n\n\n\n<p>De acuerdo con los primeros reportes, los hechos habr\u00edan ocurrido luego de que una c\u00e9lula delictiva presuntamente de la \u201cFamilia Michoacana\u201d arribara a la localidad para exigir pagos a cambio de cada metro cuadrado de siembra.<\/p>\n\n\n\n<p>Grabaciones que circulan en redes sociales muestran el momento en que pobladores de Texcaltitl\u00e1n se enfrentan con los integrantes del crimen organizado, situaci\u00f3n que dej\u00f3 11 muertos: ocho presuntos delincuentes y tres pobladores, de acuerdo con la Secretar\u00eda de Seguridad estatal.<\/p>\n\n\n\n<p>En estos videos se observa c\u00f3mo los habitantes, armados con machetes, piedras, palos y algunos con pistolas, rodean a los integrantes del crimen organizado que se pusieron al lado de la dos veh\u00edculos de color rojo.<\/p>\n\n\n\n<p>Sin embargo, las acciones de los criminales no intimida a los habitantes y de un momento a otro se lanzan contra ellos y comienza una pelea campal en donde hay detonaciones de armas de fuego.<\/p>\n\n\n\n<p>En una parte de la grabaci\u00f3n se muestra un veh\u00edculo de color verde en donde sujetos armados, vestidos con ropa tipo militar, realizan disparos contra los habitantes, los cuales se cubren de las balas sin dejar de avanzar contra los agresores.<\/p>\n\n\n\n<p>Finalmente, los pobladores logran someter a estas personas a quienes les pegaron con machetes, palos y piedras.<\/p>\n\n\n\n<p>En los videos tambi\u00e9n se observa que dentro de la turba algunos de los pobladores fueron heridos por armas de fuego.<\/p>\n\n\n\n<p>De acuerdo con el peri\u00f3dico de \u201cLa Jornada\u201d del Estado de M\u00e9xico, que cita testimonios de este enfrentamiento, los delincuentes arribaron este viernes 8 de diciembre para exigir el pago de un peso por cada metro cuadrado de siembra de avena y haba, por lo que los criminales convocaron a los pobladores en la cancha de futbol.<\/p>\n\n\n\n<p>Los habitantes intentaron entablar un di\u00e1logo con los delincuentes para decirles que debido al mal clima de este a\u00f1o no pudieron cosechar sus productos. Sin embargo, los sicarios no aceptaron las explicaciones de los agricultores, por lo que, seg\u00fan \u201cLa Jornada\u201d, amenazaron con asesinar a personas inocentes si no entregaban el dinero.<\/p>\n\n\n\n<p>Los presuntos integrantes de la \u201cFamilia Michoacana\u201d no esperaban que los habitantes se organizaran y los enfrentaran dando como resultado las once personas muertas.<\/p>\n\n\n\n<p>Otro de los videos muestra a los extorsionadores quedamos junto con las unidades donde viajaban.<\/p>\n\n\n\n<p>\u201cLa situaci\u00f3n es atendida por la Polic\u00eda Estatal, en coordinaci\u00f3n con la Guardia Nacional (GN) y las autoridades ministeriales, a fin de esclarecer por completo lo ocurrido. El personal de la SS en la regi\u00f3n se encuentra de apoyo en la zona, a fin de mantener control tras la emergencia\u201d, precis\u00f3 la SS del Edomex en un comunicado.<\/p>\n\n\n\n<p>La autoridad mexiquense tambi\u00e9n exhort\u00f3 a la poblaci\u00f3n a mantenerse informada a trav\u00e9s de las fuentes oficiales, y en cuanto la situaci\u00f3n lo permita, se ofrecer\u00e1 mayor informaci\u00f3n sobre lo ocurrido.<\/p>\n\n\n\n<p>(Informaci\u00f3n de Infobae M\u00e9xico)<\/p>\n","protected":false},"excerpt":{"rendered":"<p>Redacci\u00f3n\/Zona Roja Cdmx. Ciudad de M\u00e9xico, a 8 de diciembre de 2023.- La Secretar\u00eda de&hellip;<\/p>\n","protected":false},"author":2,"featured_media":63011,"comment_status":"closed","ping_status":"open","sticky":false,"template":"","format":"standard","meta":{"_lmt_disableupdate":"","_lmt_disable":"","_jetpack_memberships_contains_paid_content":false,"footnotes":""},"categories":[109,51],"tags":[1200,3750],"class_list":["post-63010","post","type-post","status-publish","format-standard","has-post-thumbnail","hentry","category-minuto-a-minuto","category-zona-roja","tag-estado-de-mexico","tag-texcaltitlan"],"jetpack_featured_media_url":"https:\/\/zonaroja.com.mx\/wp-content\/uploads\/2023\/12\/Enfrentamiento-Texcaltitlan-Edomex.jpeg","jetpack_sharing_enabled":true,"_links":{"self":[{"href":"https:\/\/zonaroja.com.mx\/index.php?rest_route=\/wp\/v2\/posts\/63010","targetHints":{"allow":["GET"]}}],"collection":[{"href":"https:\/\/zonaroja.com.mx\/index.php?rest_route=\/wp\/v2\/posts"}],"about":[{"href":"https:\/\/zonaroja.com.mx\/index.php?rest_route=\/wp\/v2\/types\/post"}],"author":[{"embeddable":true,"href":"https:\/\/zonaroja.com.mx\/index.php?rest_route=\/wp\/v2\/users\/2"}],"replies":[{"embeddable":true,"href":"https:\/\/zonaroja.com.mx\/index.php?rest_route=%2Fwp%2Fv2%2Fcomments&post=63010"}],"version-history":[{"count":1,"href":"https:\/\/zonaroja.com.mx\/index.php?rest_route=\/wp\/v2\/posts\/63010\/revisions"}],"predecessor-version":[{"id":63012,"href":"https:\/\/zonaroja.com.mx\/index.php?rest_route=\/wp\/v2\/posts\/63010\/revisions\/63012"}],"wp:featuredmedia":[{"embeddable":true,"href":"https:\/\/zonaroja.com.mx\/index.php?rest_route=\/wp\/v2\/media\/63011"}],"wp:attachment":[{"href":"https:\/\/zonaroja.com.mx\/index.php?rest_route=%2Fwp%2Fv2%2Fmedia&parent=63010"}],"wp:term":[{"taxonomy":"category","embeddable":true,"href":"https:\/\/zonaroja.com.mx\/index.php?rest_route=%2Fwp%2Fv2%2Fcategories&post=63010"},{"taxonomy":"post_tag","embeddable":true,"href":"https:\/\/zonaroja.com.mx\/index.php?rest_route=%2Fwp%2Fv2%2Ftags&post=63010"}],"curies":[{"name":"wp","href":"https:\/\/api.w.org\/{rel}","templated":true}]}}