{"id":63013,"date":"2023-12-09T07:50:00","date_gmt":"2023-12-09T13:50:00","guid":{"rendered":"http:\/\/www.zonaroja.com.mx\/?p=63013"},"modified":"2023-12-09T06:53:03","modified_gmt":"2023-12-09T12:53:03","slug":"indagan-crimenes-en-mesones-loxicha-y-en-san-pedro-mixtepec","status":"publish","type":"post","link":"https:\/\/zonaroja.com.mx\/?p=63013","title":{"rendered":"Indagan cr\u00edmenes en Mesones, Loxicha y en San Pedro Mixtepec"},"content":{"rendered":"\n<p>Raymundo Morales\/Zona Roja.<\/p>\n\n\n\n<p>Oaxaca de Ju\u00e1rez, Oax., a 9 de diciembre de 2023.- Dos personas fueron asesinadas ayer en distintos hechos, ocurridos en Mesones Hidalgo y en San Pedro Mixtepec, mientras que el jueves fue ultimado un individuo en San Agust\u00edn Loxicha.<\/p>\n\n\n\n<p>Ayer por la tarde en el barrio La Soledad de la localidad de Bajos de Chila, perteneciente al municipio de San Pedro Mixtepec, se registr\u00f3 un ataque armado en el interior de un domicilio.<\/p>\n\n\n\n<p>Hasta esta ma\u00f1ana el hoy occiso no ha sido identificado de manera oficial y tambi\u00e9n se desconoce qui\u00e9n o qui\u00e9nes lo ultimaron.<\/p>\n\n\n\n<p>Mientras que en Mesones Hidalgo, municipio de la regi\u00f3n Mixteca del estado, ayer se confirm\u00f3 el homicidio de una persona del sexo masculino en la comunidad Santa Mar\u00eda Lima.<\/p>\n\n\n\n<p>Al parecer ocurri\u00f3 durante una ri\u00f1a en la fiesta patronal, en que la v\u00edctima, a\u00fan no identificada, recibi\u00f3 al menos tres impactos de arma de fuego.<\/p>\n\n\n\n<p>El jueves cerca de la media noche, en la localidad de La Sirena Miramar, perteneciente al municipio de San Agust\u00edn Loxicha, fue asesinado un individuo por personas desconocidas.<\/p>\n\n\n\n<p>La v\u00edctima fue identificada posteriormente como Refugio R. P., de 53 a\u00f1os de edad, de oficio campesino, y a\u00fan se desconoce qui\u00e9n o qui\u00e9nes le quitaron la vida de manera violenta.<\/p>\n\n\n\n<p>En todos los casos, la Fiscal\u00eda General del Estado de Oaxaca inici\u00f3 las carpetas de investigaci\u00f3n correspondientes, con la finalidad de esclarecer los hechos.<\/p>\n","protected":false},"excerpt":{"rendered":"<p>Raymundo Morales\/Zona Roja. Oaxaca de Ju\u00e1rez, Oax., a 9 de diciembre de 2023.- Dos personas&hellip;<\/p>\n","protected":false},"author":2,"featured_media":62718,"comment_status":"closed","ping_status":"open","sticky":false,"template":"","format":"standard","meta":{"_lmt_disableupdate":"","_lmt_disable":"","_jetpack_memberships_contains_paid_content":false,"footnotes":""},"categories":[109,51],"tags":[2978],"class_list":["post-63013","post","type-post","status-publish","format-standard","has-post-thumbnail","hentry","category-minuto-a-minuto","category-zona-roja","tag-mesones-hidalgo"],"jetpack_featured_media_url":"https:\/\/zonaroja.com.mx\/wp-content\/uploads\/2023\/12\/Escena-asesinado-crimenn-homicidio.jpg","jetpack_sharing_enabled":true,"_links":{"self":[{"href":"https:\/\/zonaroja.com.mx\/index.php?rest_route=\/wp\/v2\/posts\/63013","targetHints":{"allow":["GET"]}}],"collection":[{"href":"https:\/\/zonaroja.com.mx\/index.php?rest_route=\/wp\/v2\/posts"}],"about":[{"href":"https:\/\/zonaroja.com.mx\/index.php?rest_route=\/wp\/v2\/types\/post"}],"author":[{"embeddable":true,"href":"https:\/\/zonaroja.com.mx\/index.php?rest_route=\/wp\/v2\/users\/2"}],"replies":[{"embeddable":true,"href":"https:\/\/zonaroja.com.mx\/index.php?rest_route=%2Fwp%2Fv2%2Fcomments&post=63013"}],"version-history":[{"count":1,"href":"https:\/\/zonaroja.com.mx\/index.php?rest_route=\/wp\/v2\/posts\/63013\/revisions"}],"predecessor-version":[{"id":63014,"href":"https:\/\/zonaroja.com.mx\/index.php?rest_route=\/wp\/v2\/posts\/63013\/revisions\/63014"}],"wp:featuredmedia":[{"embeddable":true,"href":"https:\/\/zonaroja.com.mx\/index.php?rest_route=\/wp\/v2\/media\/62718"}],"wp:attachment":[{"href":"https:\/\/zonaroja.com.mx\/index.php?rest_route=%2Fwp%2Fv2%2Fmedia&parent=63013"}],"wp:term":[{"taxonomy":"category","embeddable":true,"href":"https:\/\/zonaroja.com.mx\/index.php?rest_route=%2Fwp%2Fv2%2Fcategories&post=63013"},{"taxonomy":"post_tag","embeddable":true,"href":"https:\/\/zonaroja.com.mx\/index.php?rest_route=%2Fwp%2Fv2%2Ftags&post=63013"}],"curies":[{"name":"wp","href":"https:\/\/api.w.org\/{rel}","templated":true}]}}