{"id":63016,"date":"2023-12-09T09:01:00","date_gmt":"2023-12-09T15:01:00","guid":{"rendered":"http:\/\/www.zonaroja.com.mx\/?p=63016"},"modified":"2023-12-09T07:07:06","modified_gmt":"2023-12-09T13:07:06","slug":"logra-presidente-de-litigio-estrategico-indigena-certificacion-internacional","status":"publish","type":"post","link":"https:\/\/zonaroja.com.mx\/?p=63016","title":{"rendered":"Logra presidente de Litigio Estrat\u00e9gico Ind\u00edgena certificaci\u00f3n internacional\u00a0"},"content":{"rendered":"\n<p>Redacci\u00f3n\/Zona Roja.<\/p>\n\n\n\n<p>Oaxaca de Ju\u00e1rez, Oax., a 9 de diciembre de 2023.- Despu\u00e9s de haber aprobado los tres cursos de especializaci\u00f3n que imparte el Instituto Internacional de Responsabilidad Social en Derechos Humanos (IIRESODH) y la Universidad de la Plata, Carlos Morales S\u00e1nchez, presidente de Litigio Estrat\u00e9gico Ind\u00edgena asociaci\u00f3n civil, obtuvo la certificaci\u00f3n en Litigio Estrat\u00e9gico Internacional, lo que generar\u00e1 la apertura de otros campos de litigio ante diversas internacionales.<\/p>\n\n\n\n<p>Para poder obtener la certificaci\u00f3n del IIRESODH es necesario aprobar tres cursos relativos al sistema interamericano y al sistema universal de protecci\u00f3n a los derechos humanos. Los cursos son impartidos en diversas sedes por expertos en ambos sistemas, el sistema de la OEA y el de la ONU. Los cursos han tenido lugar en San Jos\u00e9, Costa Rica; Oaxaca, Quer\u00e9taro y Chihuahua en M\u00e9xico; Ginebra, Suiza, Washington, D.C. y Nueva York.<\/p>\n\n\n\n<p>En el largo proceso de certificaci\u00f3n, Carlos Morales S\u00e1nchez tom\u00f3 el primer curso en San Jos\u00e9, Costa Rica, en el a\u00f1o 2014. Posteriormente, en el a\u00f1o 2017, tom\u00f3 el curso en la Ciudad de Oaxaca de Ju\u00e1rez y el tercer curso lo aprob\u00f3 en la sede de la Organizaci\u00f3n de los Estados Americanos en Washington, D.C. y en las oficinas de la ONU en Nueva York, en diciembre de 2023.<\/p>\n\n\n\n<p>El jurista costarricence V\u00edctor Rodr\u00edguez Rescia, presidente del IIRESODH, dirige y organiza las certificaciones internacionales. Su vasta experiencia en materia de derechos humanos en sede interamericana y como ex presidente del Subcomit\u00e9 de las Naciones Unidas para la Prevenci\u00f3n de la Tortura y Otros Tratos o Penas Crueles, Inhumanos o Degradantes de la ONU, garantizan la calidad de las c\u00e1tedras y las aportaciones.<\/p>\n\n\n\n<p>El otro pilar del IIRESODH es el jurista argentino Fabi\u00e1n Salvioli, abogado y profesor de la Universidad de la Plata. Actualmente se desempe\u00f1a como relator especial sobre la promoci\u00f3n de la verdad, la justicia, la reparaci\u00f3n y las garant\u00edas de no repetici\u00f3n, un mandato especial del Sistema ONU.<\/p>\n\n\n\n<p>Al ser entrevistado Carlos Morales S\u00e1nchez, indic\u00f3 que Litigio Estrat\u00e9gico Ind\u00edgena, asociaci\u00f3n que dirige postula casos paradigm\u00e1ticos ante la Suprema Corte de Justicia de la Naci\u00f3n y ante los jueces del Poder Judicial de la Federaci\u00f3n, pero es necesario, atravesar las fronteras nacionales y acudir ante los \u00f3rganos supranacionales en la b\u00fasqueda de justicia.<\/p>\n\n\n\n<p>Indic\u00f3 que autoridades nacionales como la Conagua, la Semarnat o la Semabeso son indolentes y renuentes en cumplir las sentencias de amparo y recomendaciones de la Comisi\u00f3n Nacional de los Derechos Humanos para el rescate de los r\u00edos oaxaque\u00f1os contaminados, por lo que es necesario acudir ante los organismos internacionales para lograr el cumplimiento.<\/p>\n","protected":false},"excerpt":{"rendered":"<p>Redacci\u00f3n\/Zona Roja. Oaxaca de Ju\u00e1rez, Oax., a 9 de diciembre de 2023.- Despu\u00e9s de haber&hellip;<\/p>\n","protected":false},"author":2,"featured_media":61103,"comment_status":"closed","ping_status":"open","sticky":false,"template":"","format":"standard","meta":{"_lmt_disableupdate":"","_lmt_disable":"","_jetpack_memberships_contains_paid_content":false,"footnotes":""},"categories":[109,46],"tags":[897],"class_list":["post-63016","post","type-post","status-publish","format-standard","has-post-thumbnail","hentry","category-minuto-a-minuto","category-zona-blanca","tag-litigio-estrategico-indigena"],"jetpack_featured_media_url":"https:\/\/zonaroja.com.mx\/wp-content\/uploads\/2023\/10\/Carlos-Morales-Litigio-Estrategico.jpg","jetpack_sharing_enabled":true,"_links":{"self":[{"href":"https:\/\/zonaroja.com.mx\/index.php?rest_route=\/wp\/v2\/posts\/63016","targetHints":{"allow":["GET"]}}],"collection":[{"href":"https:\/\/zonaroja.com.mx\/index.php?rest_route=\/wp\/v2\/posts"}],"about":[{"href":"https:\/\/zonaroja.com.mx\/index.php?rest_route=\/wp\/v2\/types\/post"}],"author":[{"embeddable":true,"href":"https:\/\/zonaroja.com.mx\/index.php?rest_route=\/wp\/v2\/users\/2"}],"replies":[{"embeddable":true,"href":"https:\/\/zonaroja.com.mx\/index.php?rest_route=%2Fwp%2Fv2%2Fcomments&post=63016"}],"version-history":[{"count":1,"href":"https:\/\/zonaroja.com.mx\/index.php?rest_route=\/wp\/v2\/posts\/63016\/revisions"}],"predecessor-version":[{"id":63017,"href":"https:\/\/zonaroja.com.mx\/index.php?rest_route=\/wp\/v2\/posts\/63016\/revisions\/63017"}],"wp:featuredmedia":[{"embeddable":true,"href":"https:\/\/zonaroja.com.mx\/index.php?rest_route=\/wp\/v2\/media\/61103"}],"wp:attachment":[{"href":"https:\/\/zonaroja.com.mx\/index.php?rest_route=%2Fwp%2Fv2%2Fmedia&parent=63016"}],"wp:term":[{"taxonomy":"category","embeddable":true,"href":"https:\/\/zonaroja.com.mx\/index.php?rest_route=%2Fwp%2Fv2%2Fcategories&post=63016"},{"taxonomy":"post_tag","embeddable":true,"href":"https:\/\/zonaroja.com.mx\/index.php?rest_route=%2Fwp%2Fv2%2Ftags&post=63016"}],"curies":[{"name":"wp","href":"https:\/\/api.w.org\/{rel}","templated":true}]}}