{"id":63018,"date":"2023-12-09T10:00:00","date_gmt":"2023-12-09T16:00:00","guid":{"rendered":"http:\/\/www.zonaroja.com.mx\/?p=63018"},"modified":"2023-12-09T07:12:55","modified_gmt":"2023-12-09T13:12:55","slug":"aumenta-a-14-el-numero-de-muertos-por-enfrentamiento-en-edomex","status":"publish","type":"post","link":"https:\/\/zonaroja.com.mx\/?p=63018","title":{"rendered":"Aumenta a 14 el n\u00famero de muertos por enfrentamiento en Edomex"},"content":{"rendered":"\n<p>Redacci\u00f3n\/Zona Roja Cdmx.<\/p>\n\n\n\n<p>Ciudad de M\u00e9xico, a 9 de diciembre de 2023.- Un enfrentamiento entre pobladores de la comunidad de Texcapilla, municipio de Texcaltitl\u00e1n, y presuntos integrantes del grupo criminal La Familia Michoacana dej\u00f3 ayer 14 personas muertas; 11 presuntos sicarios y tres vecinos, inform\u00f3 la Secretar\u00eda de Seguridad del Estado de M\u00e9xico.<\/p>\n\n\n\n<p>El enfrentamiento se registr\u00f3 pasado el mediod\u00eda, cuando una veintena de habitantes de Texcapilla arremetieron contra los miembros de la \u201cFamilia\u201d, que los hab\u00edan citado en campo de f\u00fatbol, presumiblemente para cobrar la cuota semanal que les exig\u00edan para dejarles sembrar sus propias tierras.<\/p>\n\n\n\n<p>Versiones policiales indican que los miembros del grupo criminal llegaron al lugar a bordo de tres veh\u00edculos y la gente se les acerc\u00f3 cuando bajaron de sus unidades, pr\u00e1cticamente desarmados y los vecinos literalmente se les fueron encima con palos, machetes y cuchillos, provocando la muerte de varios de ellos.<\/p>\n\n\n\n<p>A pesar del n\u00famero de vecinos congregados, en el lugar no se observaron ni polic\u00edas estatales ni municipales, muchos menos efectivos de la Guardia Nacional o del Ej\u00e9rcito, que a diario hacen recorridos por la zona, se\u00f1al\u00f3 la comunidad.<\/p>\n\n\n\n<p>Los reportes de la polic\u00eda indican que entre las v\u00edctimas se encontrar\u00eda el comandante conocido como \u201cEl Payaso\u201d, uno de los cabecillas de la c\u00e9lula de la \u201cFamilia\u201d que opera en este municipio.<\/p>\n\n\n\n<p>Los pobladores no solo habr\u00edan matado a los presuntos delincuentes, sino tambi\u00e9n les habr\u00edan prendido fuego tanto a los cuerpos como a los veh\u00edculos. En redes sociales, circulan videos donde se observan los cuerpos calcinados al lado de los veh\u00edculos.<\/p>\n\n\n\n<p>Las autoridades reportaron tambi\u00e9n al menos cuatro lesionados por proyectil de arma de fuego y dos personas desaparecidas.<\/p>\n\n\n\n<p>El gobierno del Estado de M\u00e9xico, por la tarde, en un comunicado dio a conocer que \u201cse registraron hechos violentos en los que perdieron la vida un grupo de 11 personas, presuntamente vinculadas con actividades criminales, as\u00ed como tres m\u00e1s, vecinas de la comunidad\u201d.<\/p>\n\n\n\n<p>Destac\u00f3 que \u201cla situaci\u00f3n es atendida por la Polic\u00eda Estatal en coordinaci\u00f3n con la Guardia Nacional y autoridades ministeriales, a fin de esclarecer por completo lo ocurrido\u201d.<\/p>\n\n\n\n<p>Tambi\u00e9n mencion\u00f3 que en la zona se despleg\u00f3 un numeroso contingente de polic\u00edas estatales \u201ca fin de mantener el control tras la emergencia\u201d y exhort\u00f3 a la poblaci\u00f3n a mantenerse informada por canales oficiales\u201d. Un convoy con m\u00e1s de cien elementos y peritos de la Fiscal\u00eda General de Justicia del estado arrib\u00f3 al lugar.<\/p>\n\n\n\n<p>En tanto, la carretera que lleva a Texcaltitl\u00e1n es resguardada por elementos de la GN, de la Polic\u00eda Estatal y agentes de la polic\u00eda municipal.<\/p>\n\n\n\n<p>(Informaci\u00f3n de \u201cLa Jornada\u201d)<\/p>\n","protected":false},"excerpt":{"rendered":"<p>Redacci\u00f3n\/Zona Roja Cdmx. Ciudad de M\u00e9xico, a 9 de diciembre de 2023.- Un enfrentamiento entre&hellip;<\/p>\n","protected":false},"author":2,"featured_media":63019,"comment_status":"closed","ping_status":"open","sticky":false,"template":"","format":"standard","meta":{"_lmt_disableupdate":"","_lmt_disable":"","_jetpack_memberships_contains_paid_content":false,"footnotes":""},"categories":[109,47],"tags":[3750],"class_list":["post-63018","post","type-post","status-publish","format-standard","has-post-thumbnail","hentry","category-minuto-a-minuto","category-zona-gris","tag-texcaltitlan"],"jetpack_featured_media_url":"https:\/\/zonaroja.com.mx\/wp-content\/uploads\/2023\/12\/Enfrentamiento-Texcaltitlan.jpg.webp","jetpack_sharing_enabled":true,"_links":{"self":[{"href":"https:\/\/zonaroja.com.mx\/index.php?rest_route=\/wp\/v2\/posts\/63018","targetHints":{"allow":["GET"]}}],"collection":[{"href":"https:\/\/zonaroja.com.mx\/index.php?rest_route=\/wp\/v2\/posts"}],"about":[{"href":"https:\/\/zonaroja.com.mx\/index.php?rest_route=\/wp\/v2\/types\/post"}],"author":[{"embeddable":true,"href":"https:\/\/zonaroja.com.mx\/index.php?rest_route=\/wp\/v2\/users\/2"}],"replies":[{"embeddable":true,"href":"https:\/\/zonaroja.com.mx\/index.php?rest_route=%2Fwp%2Fv2%2Fcomments&post=63018"}],"version-history":[{"count":1,"href":"https:\/\/zonaroja.com.mx\/index.php?rest_route=\/wp\/v2\/posts\/63018\/revisions"}],"predecessor-version":[{"id":63020,"href":"https:\/\/zonaroja.com.mx\/index.php?rest_route=\/wp\/v2\/posts\/63018\/revisions\/63020"}],"wp:featuredmedia":[{"embeddable":true,"href":"https:\/\/zonaroja.com.mx\/index.php?rest_route=\/wp\/v2\/media\/63019"}],"wp:attachment":[{"href":"https:\/\/zonaroja.com.mx\/index.php?rest_route=%2Fwp%2Fv2%2Fmedia&parent=63018"}],"wp:term":[{"taxonomy":"category","embeddable":true,"href":"https:\/\/zonaroja.com.mx\/index.php?rest_route=%2Fwp%2Fv2%2Fcategories&post=63018"},{"taxonomy":"post_tag","embeddable":true,"href":"https:\/\/zonaroja.com.mx\/index.php?rest_route=%2Fwp%2Fv2%2Ftags&post=63018"}],"curies":[{"name":"wp","href":"https:\/\/api.w.org\/{rel}","templated":true}]}}