{"id":63021,"date":"2023-12-09T11:00:00","date_gmt":"2023-12-09T17:00:00","guid":{"rendered":"http:\/\/www.zonaroja.com.mx\/?p=63021"},"modified":"2023-12-09T07:17:14","modified_gmt":"2023-12-09T13:17:14","slug":"indaga-fiscalia-25-denuncias-de-agresion-contra-defensores-de-derecho-humanos","status":"publish","type":"post","link":"https:\/\/zonaroja.com.mx\/?p=63021","title":{"rendered":"Indaga Fiscal\u00eda 25 denuncias de agresi\u00f3n contra defensores de derecho humanos"},"content":{"rendered":"\n<p>Redacci\u00f3n\/Zona Roja.&nbsp;<\/p>\n\n\n\n<p>Oaxaca de Ju\u00e1rez, Oax., a 9 de diciembre de 2023.- La Fiscal\u00eda General del Estado de Oaxaca (FGEO) mantiene en proceso 25 carpetas de investigaci\u00f3n por agresiones y homicidios en contra de personas defensoras de derechos humanos, de los cuales tres casos ya han sido judicializados.<\/p>\n\n\n\n<p>As\u00ed lo confirm\u00f3 ayer el titular de la instituci\u00f3n, Bernardo Rodr\u00edguez Alamilla, al refrendar Acuerdo para el Reconocimiento y la Protecci\u00f3n de las Personas Defensoras de Derechos Humanos en Oaxaca, convocado por la asociaci\u00f3n civil C\u00f3digo DH.<\/p>\n\n\n\n<p>En ese contexto, expuso que se han impulsado acciones concretas para la protecci\u00f3n y acceso a la procuraci\u00f3n de justicia de las personas defensoras de derechos humanos,&nbsp;<\/p>\n\n\n\n<p>En el marco del D\u00eda Internacional para reconocer la labor de este importante sector social, Rodr\u00edguez Alamilla resalt\u00f3 la colaboraci\u00f3n entre la sociedad civil e instituciones, lo que ha permitido desarrollar pol\u00edtica p\u00fablica efectiva.<\/p>\n\n\n\n<p>Resalt\u00f3 que la Fiscal\u00eda General del Estado ha logrado, por medio de la alianza estrat\u00e9gica que ha significado el Acuerdo, acciones sustantivas en materia de atenci\u00f3n a personas defensoras de derechos humanos, como por ejemplo, el Protocolo de Actuaci\u00f3n Ministerial para la Investigaci\u00f3n de Delitos cometidos contra Personas Defensoras de Derechos Humanos.<\/p>\n\n\n\n<p>Adem\u00e1s de haberse creado la Unidad Operativa Especializada en Materia de Delitos cometidos contra Personas Defensoras de Derechos Humanos, cuyo personal est\u00e1 en constante capacitaci\u00f3n, proceso en el que la Fiscal\u00eda ha colaborado con la Agencia de los Estados Unidos para el Desarrollo Internacional, pues la especializaci\u00f3n es clave para dar mejores resultados.<\/p>\n\n\n\n<p>Al encuentro acudieron la titular de la Coordinaci\u00f3n para la Atenci\u00f3n a los Derechos Humanos del Poder Ejecutivo, Flor Estela Morales Hern\u00e1ndez; la Defensora de los Derechos Humanos del Pueblo de Oaxaca, Elizabeth Lara Rodr\u00edguez; la representante de la Organizaci\u00f3n de las Naciones Unidas en M\u00e9xico Mar\u00eda Werneck; &nbsp;la coordinadora general de C\u00f3digo DH Gobixha, Candelaria Castellanos y el subsecretario de Prevenci\u00f3n y Reinserci\u00f3n Social de la Secretar\u00eda de Seguridad P\u00fablica y Protecci\u00f3n Ciudadana, Roberto Claudio Castillo Ram\u00edrez.<\/p>\n\n\n\n<p>Rodr\u00edguez Alamilla resalt\u00f3 que las personas defensoras de derechos humanos son claves en la sociedad, pues, dijo, son una llave que abre la puerta a que las personas puedan ejercer plenamente sus derechos, por ello, garantizarles un entorno adecuado para que desarrollen su actividad es necesario y ben\u00e9fico para toda la sociedad.<\/p>\n\n\n\n<figure class=\"wp-block-image size-full\"><a href=\"http:\/\/www.zonaroja.com.mx\/wp-content\/uploads\/2023\/12\/8-diciembre-Refrenda-Fiscalia-de-Oaxaca-Acuerdo-para-el-Reconocimiento-y-Proteccion-de-las-Personas-Defensoras-de-Derechos-Humanos-en-Oaxaca-4.jpeg\" data-rel=\"penci-gallery-image-content\" ><img decoding=\"async\" width=\"1000\" height=\"710\" src=\"http:\/\/www.zonaroja.com.mx\/wp-content\/uploads\/2023\/12\/8-diciembre-Refrenda-Fiscalia-de-Oaxaca-Acuerdo-para-el-Reconocimiento-y-Proteccion-de-las-Personas-Defensoras-de-Derechos-Humanos-en-Oaxaca-4.jpeg\" alt=\"\" class=\"wp-image-63022\" srcset=\"https:\/\/zonaroja.com.mx\/wp-content\/uploads\/2023\/12\/8-diciembre-Refrenda-Fiscalia-de-Oaxaca-Acuerdo-para-el-Reconocimiento-y-Proteccion-de-las-Personas-Defensoras-de-Derechos-Humanos-en-Oaxaca-4.jpeg 1000w, https:\/\/zonaroja.com.mx\/wp-content\/uploads\/2023\/12\/8-diciembre-Refrenda-Fiscalia-de-Oaxaca-Acuerdo-para-el-Reconocimiento-y-Proteccion-de-las-Personas-Defensoras-de-Derechos-Humanos-en-Oaxaca-4-300x213.jpeg 300w, https:\/\/zonaroja.com.mx\/wp-content\/uploads\/2023\/12\/8-diciembre-Refrenda-Fiscalia-de-Oaxaca-Acuerdo-para-el-Reconocimiento-y-Proteccion-de-las-Personas-Defensoras-de-Derechos-Humanos-en-Oaxaca-4-768x545.jpeg 768w, https:\/\/zonaroja.com.mx\/wp-content\/uploads\/2023\/12\/8-diciembre-Refrenda-Fiscalia-de-Oaxaca-Acuerdo-para-el-Reconocimiento-y-Proteccion-de-las-Personas-Defensoras-de-Derechos-Humanos-en-Oaxaca-4-585x415.jpeg 585w\" sizes=\"(max-width: 1000px) 100vw, 1000px\" \/><\/a><\/figure>\n\n\n\n<p>PERSISTE DESCONOCIMIENTO<\/p>\n\n\n\n<p>Por su parte, la coordinadora general de C\u00f3digo DH Gobixha, Candelaria Castellanos, dijo que socialmente persiste el desconocimiento de la labor que realizan las personas defensoras de derechos humanos, por ello, es sumamente importante impulsar acciones que favorezcan su reconocimiento, como por ejemplo, el Acuerdo para el Reconocimiento y la Protecci\u00f3n de las Personas Defensoras de Derechos Humanos en Oaxaca, que entre sus acciones principales se encuentra campa\u00f1as de visibilizaci\u00f3n&nbsp; y promoci\u00f3n de una agenda prioritaria en materia de derechos humanos en la entidad.<\/p>\n\n\n\n<p>Mientras que, la titular de la Coordinaci\u00f3n para la Atenci\u00f3n a los Derechos Humanos, Flor Estela Morales Hern\u00e1ndez expuso que el reconocimiento de las personas defensoras de derechos humanos es un elemento esencial para generar condiciones adecuadas para que puedan desarrollar su actividad.<\/p>\n\n\n\n<p>Por su parte, la Defensora de los Derechos Humanos del Pueblo de Oaxaca, Elizabeth Lara Rodr\u00edguez sostuvo que reconocer y visibilizar a quienes defienden derechos humanos es una obligaci\u00f3n de las instituciones, pero este tipo de actividades en las que se acompa\u00f1a de sociedad civil favorece visibilizar la humanizaci\u00f3n de los procesos lo que permite que cumplan con sus objetivos.<\/p>\n\n\n\n<p>En tanto que la representante de la Organizaci\u00f3n de las Naciones Unidas en M\u00e9xico, Mar\u00eda Werneck dijo que celebran la realizaci\u00f3n de este tipo de acuerdos y actividades que favorecen el reconocimiento de las personas defensoras de derechos humanos, ya que representa un avance importante en la protecci\u00f3n de las defensoras y defensores de derechos humanos.<\/p>\n","protected":false},"excerpt":{"rendered":"<p>Redacci\u00f3n\/Zona Roja.&nbsp; Oaxaca de Ju\u00e1rez, Oax., a 9 de diciembre de 2023.- La Fiscal\u00eda General&hellip;<\/p>\n","protected":false},"author":2,"featured_media":63023,"comment_status":"closed","ping_status":"open","sticky":false,"template":"","format":"standard","meta":{"_lmt_disableupdate":"","_lmt_disable":"","_jetpack_memberships_contains_paid_content":false,"footnotes":""},"categories":[109,46],"tags":[494],"class_list":["post-63021","post","type-post","status-publish","format-standard","has-post-thumbnail","hentry","category-minuto-a-minuto","category-zona-blanca","tag-fiscalia-general-del-estado-de-oaxaca"],"jetpack_featured_media_url":"https:\/\/zonaroja.com.mx\/wp-content\/uploads\/2023\/12\/8-diciembre-Refrenda-Fiscalia-de-Oaxaca-Acuerdo-para-el-Reconocimiento-y-Proteccion-de-las-Personas-Defensoras-de-Derechos-Humanos-en-Oaxaca-1.jpeg","jetpack_sharing_enabled":true,"_links":{"self":[{"href":"https:\/\/zonaroja.com.mx\/index.php?rest_route=\/wp\/v2\/posts\/63021","targetHints":{"allow":["GET"]}}],"collection":[{"href":"https:\/\/zonaroja.com.mx\/index.php?rest_route=\/wp\/v2\/posts"}],"about":[{"href":"https:\/\/zonaroja.com.mx\/index.php?rest_route=\/wp\/v2\/types\/post"}],"author":[{"embeddable":true,"href":"https:\/\/zonaroja.com.mx\/index.php?rest_route=\/wp\/v2\/users\/2"}],"replies":[{"embeddable":true,"href":"https:\/\/zonaroja.com.mx\/index.php?rest_route=%2Fwp%2Fv2%2Fcomments&post=63021"}],"version-history":[{"count":1,"href":"https:\/\/zonaroja.com.mx\/index.php?rest_route=\/wp\/v2\/posts\/63021\/revisions"}],"predecessor-version":[{"id":63024,"href":"https:\/\/zonaroja.com.mx\/index.php?rest_route=\/wp\/v2\/posts\/63021\/revisions\/63024"}],"wp:featuredmedia":[{"embeddable":true,"href":"https:\/\/zonaroja.com.mx\/index.php?rest_route=\/wp\/v2\/media\/63023"}],"wp:attachment":[{"href":"https:\/\/zonaroja.com.mx\/index.php?rest_route=%2Fwp%2Fv2%2Fmedia&parent=63021"}],"wp:term":[{"taxonomy":"category","embeddable":true,"href":"https:\/\/zonaroja.com.mx\/index.php?rest_route=%2Fwp%2Fv2%2Fcategories&post=63021"},{"taxonomy":"post_tag","embeddable":true,"href":"https:\/\/zonaroja.com.mx\/index.php?rest_route=%2Fwp%2Fv2%2Ftags&post=63021"}],"curies":[{"name":"wp","href":"https:\/\/api.w.org\/{rel}","templated":true}]}}