{"id":63033,"date":"2023-12-10T16:50:00","date_gmt":"2023-12-10T22:50:00","guid":{"rendered":"http:\/\/www.zonaroja.com.mx\/?p=63033"},"modified":"2023-12-10T16:46:50","modified_gmt":"2023-12-10T22:46:50","slug":"en-2021-ocurrieron-458-mil-muertes-violentas-en-el-mundo","status":"publish","type":"post","link":"https:\/\/zonaroja.com.mx\/?p=63033","title":{"rendered":"En 2021 ocurrieron 458 mil muertes violentas en el mundo"},"content":{"rendered":"\n<p>Redacci\u00f3n\/Zona Roja Cdmx.<\/p>\n\n\n\n<p>Ciudad de M\u00e9xico, a 10 de diciembre de 2023.- Con una media de 52 homicidios cada hora, el mundo registr\u00f3 458 mil muertes violentas en 2021, una cifra m\u00e1s de cuatro veces superior a la de fallecidos por conflictos armados y en la que el crimen organizado est\u00e1 detr\u00e1s de m\u00e1s de 100 mil muertes, revela un informe de la ONU presentado en Viena.<\/p>\n\n\n\n<p>El Estudio Global sobre Homicidios, que toma 2021 como a\u00f1o de referencia, sit\u00faa en 5.8 por cada 100 mil personas la tasa mundial de muertes violentas, aunque existe una importante diferencia por g\u00e9nero: entre la poblaci\u00f3n masculina fue de 9.3 y entre la femenina de 2.2. El 81 por ciento de las v\u00edctimas fueron masculinas.<\/p>\n\n\n\n<p>\u201cLa compleja red de factores que alimentan las muertes por homicidio en todo el mundo, desde la violencia de g\u00e9nero contra mujeres y ni\u00f1as hasta el crimen organizado, pasando por la pobreza y la desigualdad, demuestra que no existe una respuesta \u00fanica al problema\u201d, explic\u00f3 Ghada Waly, directora ejecutiva de la Oficina de la ONU contra la Droga y el Delito (ONUDD).<\/p>\n\n\n\n<p>POR G\u00c9NERO<\/p>\n\n\n\n<p>La mayor\u00eda de las v\u00edctimas y perpetradores de homicidios son hombres. En el continente americano, los j\u00f3venes de 15 a 29 a\u00f1os sufren una tasa de 53.6 v\u00edctimas por 100 mil, m\u00e1s del doble del \u00edndice regional masculino y m\u00e1s de cinco veces la media global.<\/p>\n\n\n\n<p>Por otro lado, mujeres y ni\u00f1as resultan desproporcionadamente afectadas por la violencia homicida en el hogar. Representan el 54 por ciento de todas las v\u00edctimas de cr\u00edmenes en el hogar y el 66 por ciento de todas las v\u00edctimas de asesinatos perpetrados por parejas o exparejas.<\/p>\n\n\n\n<p>De esta manera, para una mujer, el lugar m\u00e1s probable para ser v\u00edctima de un homicidio es su propia casa.<\/p>\n\n\n\n<p>Entre 2019 y 2021, el promedio anual de homicidios fue de 440 mil, y, seg\u00fan el estudio, en 2021 se produjo un repunte de las muertes violentas debido a los efectos socioecon\u00f3micos de la pandemia y al crecimiento del crimen organizado.<\/p>\n\n\n\n<p>CUADRUPLICA MEDIA<\/p>\n\n\n\n<p>Los 458 mil homicidios registrados en 2021 suponen m\u00e1s de cuatro veces la media de 94 mil fallecidos en conflictos armados. Y el informe destaca que el crimen organizado caus\u00f3 cinco veces m\u00e1s muertes violentas, alrededor de 100 mil, que el terrorismo, con unas 22 mil.<\/p>\n\n\n\n<p>El informe se\u00f1ala que aunque los fallecidos en conflictos armados aumentaron 95 por ciento en 2022 -debido en gran parte a la invasi\u00f3n rusa de Ucrania- las v\u00edctimas de homicidios son ese a\u00f1o el doble que los fallecidos en guerras.<\/p>\n\n\n\n<p>Desde hace dos d\u00e9cadas las cifras globales de homicidios han fluctuado entre unas 400 mil y 450 mil v\u00edctimas. El aumento de la poblaci\u00f3n mundial ha compensado la bajada de la tasa de homicidios, que pas\u00f3 de 6.9 en 2000 a 5.8 en 2021.<\/p>\n\n\n\n<p>\u201cDesde el a\u00f1o 2000, aproximadamente 9.5 millones de personas en todo el mundo perdieron la vida por la violencia homicida, en comparaci\u00f3n con unas 340 mil muertes por ataques terroristas y aproximadamente 1.5 millones relacionadas con conflictos armados\u201d, indica el estudio.<\/p>\n\n\n\n<p>TASAS ALTAS<\/p>\n\n\n\n<p>En t\u00e9rminos regionales, Am\u00e9rica tuvo la tasa de homicidios m\u00e1s alta del mundo y es tambi\u00e9n el continente con las mayores cotas de violencia relacionada con el crimen organizado, que representa la mitad de todos los asesinatos.<\/p>\n\n\n\n<p>A nivel mundial, el 22 por ciento de los asesinatos est\u00e1n relacionados con el crimen organizado. Esta proporci\u00f3n var\u00eda mucho entre regiones: en Europa es de 6 por ciento, mientras que en Am\u00e9rica alcanza el 50 por ciento.<\/p>\n\n\n\n<p>La tasa de homicidios en el continente americano fue la m\u00e1s alta, con 15 por cada 100 mil habitantes, seguida por \u00c1frica con 12.7, Ocean\u00eda con 2.9, Asia con 2.3 y Europa con 2.2.<\/p>\n\n\n\n<p>\u00c1frica registr\u00f3 el n\u00famero total m\u00e1s elevado de muertes violentas en 2021, con 176 mil. Le siguieron Am\u00e9rica con 154 mil, Asia con 109 mil, Europa con 17 mil y Ocean\u00eda con mil.<\/p>\n\n\n\n<p>A escala subregional tambi\u00e9n se dan grandes diferencias. Mientras que Am\u00e9rica Latina y el Caribe es la regi\u00f3n m\u00e1s peligrosa con una tasa de 19.1 homicidios, seguida por \u00c1frica Subsahariana con 14, en el lado opuesto se sit\u00faa Asia Oriental, con un \u00edndice de 0.52 muertes violentas, y Europa del Sur, con 0.7.<\/p>\n\n\n\n<p>En cuanto a los m\u00e9todos de homicidio, el 40 por ciento en todo el mundo se cometieron con armas de fuego y el 22 por ciento con objetos punzantes o cortantes. En Am\u00e9rica, las armas de fuego se usaron en el 75 por ciento de los asesinatos registrados en 2021, el mayor porcentaje a nivel mundial.<\/p>\n\n\n\n<p>El estudio explica la persistente alta tasa de homicidios en Am\u00e9rica Latina y el Caribe con una mezcla de factores como la presencia de grupos del crimen organizado debido al narcotr\u00e1fico, la proliferaci\u00f3n de armas, la debilidad del Estado, la impunidad y la desigualdad econ\u00f3mica.<\/p>\n\n\n\n<p>\u201cLas sociedades con alta desigualdad de ingresos suelen registrar altos niveles de violencia. En Am\u00e9rica Latina y el Caribe, el 10 por ciento m\u00e1s rico gana 22 veces m\u00e1s que el 10 por ciento m\u00e1s pobre\u201d, indica el estudio.<\/p>\n\n\n\n<p>(Con informaci\u00f3n de EFE, en L\u00f3pez-D\u00f3riga Digital)<\/p>\n","protected":false},"excerpt":{"rendered":"<p>Redacci\u00f3n\/Zona Roja Cdmx. Ciudad de M\u00e9xico, a 10 de diciembre de 2023.- Con una media&hellip;<\/p>\n","protected":false},"author":2,"featured_media":56153,"comment_status":"closed","ping_status":"open","sticky":false,"template":"","format":"standard","meta":{"_lmt_disableupdate":"","_lmt_disable":"","_jetpack_memberships_contains_paid_content":false,"footnotes":""},"categories":[109,47],"tags":[],"class_list":["post-63033","post","type-post","status-publish","format-standard","has-post-thumbnail","hentry","category-minuto-a-minuto","category-zona-gris"],"jetpack_featured_media_url":"https:\/\/zonaroja.com.mx\/wp-content\/uploads\/2023\/06\/Escena-del-crimen-Estados-Unidos.jpeg","jetpack_sharing_enabled":true,"_links":{"self":[{"href":"https:\/\/zonaroja.com.mx\/index.php?rest_route=\/wp\/v2\/posts\/63033","targetHints":{"allow":["GET"]}}],"collection":[{"href":"https:\/\/zonaroja.com.mx\/index.php?rest_route=\/wp\/v2\/posts"}],"about":[{"href":"https:\/\/zonaroja.com.mx\/index.php?rest_route=\/wp\/v2\/types\/post"}],"author":[{"embeddable":true,"href":"https:\/\/zonaroja.com.mx\/index.php?rest_route=\/wp\/v2\/users\/2"}],"replies":[{"embeddable":true,"href":"https:\/\/zonaroja.com.mx\/index.php?rest_route=%2Fwp%2Fv2%2Fcomments&post=63033"}],"version-history":[{"count":2,"href":"https:\/\/zonaroja.com.mx\/index.php?rest_route=\/wp\/v2\/posts\/63033\/revisions"}],"predecessor-version":[{"id":63048,"href":"https:\/\/zonaroja.com.mx\/index.php?rest_route=\/wp\/v2\/posts\/63033\/revisions\/63048"}],"wp:featuredmedia":[{"embeddable":true,"href":"https:\/\/zonaroja.com.mx\/index.php?rest_route=\/wp\/v2\/media\/56153"}],"wp:attachment":[{"href":"https:\/\/zonaroja.com.mx\/index.php?rest_route=%2Fwp%2Fv2%2Fmedia&parent=63033"}],"wp:term":[{"taxonomy":"category","embeddable":true,"href":"https:\/\/zonaroja.com.mx\/index.php?rest_route=%2Fwp%2Fv2%2Fcategories&post=63033"},{"taxonomy":"post_tag","embeddable":true,"href":"https:\/\/zonaroja.com.mx\/index.php?rest_route=%2Fwp%2Fv2%2Ftags&post=63033"}],"curies":[{"name":"wp","href":"https:\/\/api.w.org\/{rel}","templated":true}]}}