{"id":63040,"date":"2023-12-09T16:20:31","date_gmt":"2023-12-09T22:20:31","guid":{"rendered":"http:\/\/www.zonaroja.com.mx\/?p=63040"},"modified":"2023-12-09T16:20:32","modified_gmt":"2023-12-09T22:20:32","slug":"a-partir-de-enero-estudiantes-de-bachillerato-no-pagaran-cuotas-escolares","status":"publish","type":"post","link":"https:\/\/zonaroja.com.mx\/?p=63040","title":{"rendered":"A partir de enero, estudiantes de bachillerato no pagar\u00e1n cuotas escolares"},"content":{"rendered":"\n<p>Redacci\u00f3n\/Zona Roja. <\/p>\n\n\n\n<p>Oaxaca de Ju\u00e1rez, Oax. a 9 de diciembre de 2023.-A partir del 1 de enero pr\u00f3ximo, en Oaxaca los estudiantes del nivel bachillerato no pagar\u00e1n cuotas de inscripci\u00f3n o reinscripci\u00f3n.<\/p>\n\n\n\n<p>En un comunicado, el Gobierno del Estado inform\u00f3 que el mandatario Salom\u00f3n Jara Cruz considera que&nbsp;la educaci\u00f3n es un derecho humano, no un privilegio.<\/p>\n\n\n\n<p>Por ello se estableci\u00f3 la gratuidad de los servicios educativos estatales en el nivel medio superior, con el fin de apoyar a las familias oaxaque\u00f1as, elevar la eficiencia terminal y evitar la deserci\u00f3n escolar.<\/p>\n\n\n\n<p>De acuerdo com la reforma constitucional en la que se estipula la gratuidad de la educaci\u00f3n en todos los tipos, recientemente el Congreso del Estado aprob\u00f3 la iniciativa que emiti\u00f3 el mandatario estatal para que, a partir del pr\u00f3ximo&nbsp;1 de enero&nbsp;quienes cursen la educaci\u00f3n media superior en los diferentes subsistemas estatales no paguen por concepto de inscripci\u00f3n o reinscripci\u00f3n.<\/p>\n\n\n\n<p>Esta medida favorecer\u00e1 a 70 mil estudiantes que cursan sus estudios en el Colegio de Bachilleres del Estado de Oaxaca (Cobao), el Colegio de Estudios Cient\u00edficos y Tecnol\u00f3gicos del Estado de Oaxaca (CECyTEO) y en el Instituto de Estudios de Bachillerato del Estado de Oaxaca (IEBO), inform\u00f3.<\/p>\n\n\n\n<p>Expuso que con esta acci\u00f3n emblem\u00e1tica se busca garantizar que la educaci\u00f3n combata las desigualdades socioecon\u00f3micas, tomando en cuenta las diversas capacidades, circunstancias y necesidades de las y los oaxaque\u00f1os.<\/p>\n\n\n\n<p>Adem\u00e1s de que un mayor n\u00famero de j\u00f3venes en condiciones de estudiar en instituciones p\u00fablicas de educaci\u00f3n media superior lo pueda hacer y con ello revertir la actual situaci\u00f3n de que muchas y muchos no pueden acceder a estos servicios educativos.<\/p>\n\n\n\n<p>En el comunicado, el gobierno expuso que mediante el Programa de Fortalecimiento de Educaci\u00f3n Media Superior que impulsa el gobernador Salom\u00f3n Jara Cruz, se establecen cinco ejes de atenci\u00f3n:&nbsp;<\/p>\n\n\n\n<p>Infraestructura Educativa, para la mejora de planteles en municipios con mayor rezago educativo; Programas de Becas, para respaldar la formaci\u00f3n de las y los estudiantes; Incentivos para Directivos y Docentes, en reconocimiento al esfuerzo acad\u00e9mico; Sistema de Alertamiento Preventivo, plataforma de datos que predice el nivel de riesgo de deserci\u00f3n de cada estudiante y Gratuidad de la Educaci\u00f3n Media Superior.<\/p>\n\n\n\n<p>De esta manera, con la aprobaci\u00f3n de la iniciativa establecida por el titular del Ejecutivo estatal se dan los primeros resultados para fortalecer el sistema educativo estatal a favor del pueblo oaxaque\u00f1o.<\/p>\n\n\n\n<p><\/p>\n","protected":false},"excerpt":{"rendered":"<p>Redacci\u00f3n\/Zona Roja. Oaxaca de Ju\u00e1rez, Oax. a 9 de diciembre de 2023.-A partir del 1&hellip;<\/p>\n","protected":false},"author":2,"featured_media":63039,"comment_status":"closed","ping_status":"open","sticky":false,"template":"","format":"standard","meta":{"_lmt_disableupdate":"","_lmt_disable":"","_jetpack_memberships_contains_paid_content":false,"footnotes":""},"categories":[109,46],"tags":[],"class_list":["post-63040","post","type-post","status-publish","format-standard","has-post-thumbnail","hentry","category-minuto-a-minuto","category-zona-blanca"],"jetpack_featured_media_url":"https:\/\/zonaroja.com.mx\/wp-content\/uploads\/2023\/12\/img_9595-1.jpg","jetpack_sharing_enabled":true,"_links":{"self":[{"href":"https:\/\/zonaroja.com.mx\/index.php?rest_route=\/wp\/v2\/posts\/63040","targetHints":{"allow":["GET"]}}],"collection":[{"href":"https:\/\/zonaroja.com.mx\/index.php?rest_route=\/wp\/v2\/posts"}],"about":[{"href":"https:\/\/zonaroja.com.mx\/index.php?rest_route=\/wp\/v2\/types\/post"}],"author":[{"embeddable":true,"href":"https:\/\/zonaroja.com.mx\/index.php?rest_route=\/wp\/v2\/users\/2"}],"replies":[{"embeddable":true,"href":"https:\/\/zonaroja.com.mx\/index.php?rest_route=%2Fwp%2Fv2%2Fcomments&post=63040"}],"version-history":[{"count":1,"href":"https:\/\/zonaroja.com.mx\/index.php?rest_route=\/wp\/v2\/posts\/63040\/revisions"}],"predecessor-version":[{"id":63041,"href":"https:\/\/zonaroja.com.mx\/index.php?rest_route=\/wp\/v2\/posts\/63040\/revisions\/63041"}],"wp:featuredmedia":[{"embeddable":true,"href":"https:\/\/zonaroja.com.mx\/index.php?rest_route=\/wp\/v2\/media\/63039"}],"wp:attachment":[{"href":"https:\/\/zonaroja.com.mx\/index.php?rest_route=%2Fwp%2Fv2%2Fmedia&parent=63040"}],"wp:term":[{"taxonomy":"category","embeddable":true,"href":"https:\/\/zonaroja.com.mx\/index.php?rest_route=%2Fwp%2Fv2%2Fcategories&post=63040"},{"taxonomy":"post_tag","embeddable":true,"href":"https:\/\/zonaroja.com.mx\/index.php?rest_route=%2Fwp%2Fv2%2Ftags&post=63040"}],"curies":[{"name":"wp","href":"https:\/\/api.w.org\/{rel}","templated":true}]}}