{"id":63042,"date":"2023-12-09T17:02:21","date_gmt":"2023-12-09T23:02:21","guid":{"rendered":"http:\/\/www.zonaroja.com.mx\/?p=63042"},"modified":"2023-12-09T17:02:22","modified_gmt":"2023-12-09T23:02:22","slug":"matan-a-machetazos-a-una-joven-en-oaxaca-detiene-fiscalia-a-presunto-homicida","status":"publish","type":"post","link":"https:\/\/zonaroja.com.mx\/?p=63042","title":{"rendered":"Matan a machetazos a una joven en Oaxaca; detiene Fiscal\u00eda a presunto homicida"},"content":{"rendered":"\n<p>Raymundo Morales\/Zona Roja.&nbsp;<\/p>\n\n\n\n<p>Oaxaca de Ju\u00e1rez, Oax., a 9 de diciembre de 2023.- Como Jocelyn H. C., de aproximadamente 22 a\u00f1os de edad, fue identificada una joven asesinada a machetazos la ma\u00f1ana de hoy en Villa de Zaachila, Oaxaca, tras lo cual la Fiscal\u00eda General del Estado detuvo a un probable responsable.<\/p>\n\n\n\n<p>La instituci\u00f3n confirm\u00f3 el crimen, perpetrado cerca del tiradero de basura, en la colonia Renacimiento, y el victimario se presume fue un joven de 22 a\u00f1os de edad, originario de la ciudad de Oaxaca.<\/p>\n\n\n\n<p>En un comunicado, expuso que, de acuerdo con las primeras investigaciones, poco despu\u00e9s de las nueve horas, fue encontrado el cuerpo sin vida de una mujer, en un predio donde anteriormente se ubicaba el basurero de la capital oaxaque\u00f1a y municipios conurbados, con lesiones producidas por un arma corto contundente (machete), el cual, adem\u00e1s, hab\u00eda sido atacado por fauna de la zona.<\/p>\n\n\n\n<p>Ante el hecho criminal, la Fiscal\u00eda de Oaxaca traslad\u00f3 un equipo multidisciplinario y con perspectiva de g\u00e9nero, para iniciar una carpeta bajo Protocolo de investigaci\u00f3n policial, pericial y ministerial en casos de feminicidio.<\/p>\n\n\n\n<p>Indic\u00f3 que gracias a los r\u00e1pidos trabajos de investigaci\u00f3n, la AEI logr\u00f3 ubicar a un hombre -de oficio alba\u00f1il-, quien habr\u00eda cometido el crimen, por lo que se logr\u00f3 su detenci\u00f3n en un operativo montado en el municipio de Cuil\u00e1pam de Guerrero, la tarde de este mismo s\u00e1bado.<\/p>\n\n\n\n<p>La FGEO estableci\u00f3 como una de las l\u00edneas de investigaci\u00f3n m\u00e1s s\u00f3lidas, la venganza entre grupos de distintas bandas urbanas, conocidas como \u201ccholos\u201d.<\/p>\n\n\n\n<p>\u201cAnte casos de delitos cometidos contra mujeres, ni\u00f1as y adolescentes, la Fiscal\u00eda de Oaxaca tiene como prioridad procurar justicia para las v\u00edctimas directas e indirectas de estos hechos, con el objetivo de evitar la impunidad y desincentivar la comisi\u00f3n de estos actos que lesionan profundamente el tejido social\u201d, inform\u00f3 la Fiscal\u00eda, bajo la responsabilidad de Bernardo Rodr\u00edguez Alamilla.<\/p>\n\n\n\n<figure class=\"wp-block-embed\"><div class=\"wp-block-embed__wrapper\">\nhttps:\/\/x.com\/ZonaRoja_Oaxaca\/status\/1733562177397666176?s=20\n<\/div><\/figure>\n","protected":false},"excerpt":{"rendered":"<p>Raymundo Morales\/Zona Roja.&nbsp; Oaxaca de Ju\u00e1rez, Oax., a 9 de diciembre de 2023.- Como Jocelyn&hellip;<\/p>\n","protected":false},"author":2,"featured_media":63044,"comment_status":"closed","ping_status":"open","sticky":false,"template":"","format":"standard","meta":{"_lmt_disableupdate":"","_lmt_disable":"","_jetpack_memberships_contains_paid_content":false,"footnotes":""},"categories":[109,51],"tags":[155],"class_list":["post-63042","post","type-post","status-publish","format-standard","has-post-thumbnail","hentry","category-minuto-a-minuto","category-zona-roja","tag-villa-de-zaachila"],"jetpack_featured_media_url":"https:\/\/zonaroja.com.mx\/wp-content\/uploads\/2023\/12\/Detenido-feminicidio-Villa-de-Zaachila.jpg","jetpack_sharing_enabled":true,"_links":{"self":[{"href":"https:\/\/zonaroja.com.mx\/index.php?rest_route=\/wp\/v2\/posts\/63042","targetHints":{"allow":["GET"]}}],"collection":[{"href":"https:\/\/zonaroja.com.mx\/index.php?rest_route=\/wp\/v2\/posts"}],"about":[{"href":"https:\/\/zonaroja.com.mx\/index.php?rest_route=\/wp\/v2\/types\/post"}],"author":[{"embeddable":true,"href":"https:\/\/zonaroja.com.mx\/index.php?rest_route=\/wp\/v2\/users\/2"}],"replies":[{"embeddable":true,"href":"https:\/\/zonaroja.com.mx\/index.php?rest_route=%2Fwp%2Fv2%2Fcomments&post=63042"}],"version-history":[{"count":1,"href":"https:\/\/zonaroja.com.mx\/index.php?rest_route=\/wp\/v2\/posts\/63042\/revisions"}],"predecessor-version":[{"id":63045,"href":"https:\/\/zonaroja.com.mx\/index.php?rest_route=\/wp\/v2\/posts\/63042\/revisions\/63045"}],"wp:featuredmedia":[{"embeddable":true,"href":"https:\/\/zonaroja.com.mx\/index.php?rest_route=\/wp\/v2\/media\/63044"}],"wp:attachment":[{"href":"https:\/\/zonaroja.com.mx\/index.php?rest_route=%2Fwp%2Fv2%2Fmedia&parent=63042"}],"wp:term":[{"taxonomy":"category","embeddable":true,"href":"https:\/\/zonaroja.com.mx\/index.php?rest_route=%2Fwp%2Fv2%2Fcategories&post=63042"},{"taxonomy":"post_tag","embeddable":true,"href":"https:\/\/zonaroja.com.mx\/index.php?rest_route=%2Fwp%2Fv2%2Ftags&post=63042"}],"curies":[{"name":"wp","href":"https:\/\/api.w.org\/{rel}","templated":true}]}}