{"id":6305,"date":"2019-12-03T08:40:56","date_gmt":"2019-12-03T14:40:56","guid":{"rendered":"http:\/\/www.zonaroja.com.mx\/?p=6305"},"modified":"2019-12-03T08:41:00","modified_gmt":"2019-12-03T14:41:00","slug":"confirma-onu-graves-irregularidades-de-la-fiscalia-de-oaxaca-de-estudiante-unam","status":"publish","type":"post","link":"https:\/\/zonaroja.com.mx\/?p=6305","title":{"rendered":"Confirma ONU graves irregularidades de la Fiscal\u00eda de Oaxaca de estudiante UNAM"},"content":{"rendered":"\n<p>Redacci\u00f3n\/Zona Roja Cdmx.<\/p>\n\n\n\n<p>Ciudad de M\u00e9xico, 3 de diciembre de\n2019.- El Comit\u00e9 de Derechos Humanos de la ONU concluy\u00f3 que el Estado mexicano\nviol\u00f3 el derecho a la vida de Jes\u00fas Israel Moreno de 19 a\u00f1os de edad,\nestudiante de la UNAM, desaparecido en Chacahua, Oaxaca, el 8 de julio de 2011.<\/p>\n\n\n\n<p>Asimismo, confirm\u00f3 diversas\nirregularidades cometidas por la entonces Procuradur\u00eda General de Justicia del\nEstado, hoy Fiscal\u00eda General del Estado, al inventar incluso hechos y poner\nfalsos testigos.<\/p>\n\n\n\n<p>Adem\u00e1s, le neg\u00f3 acceso a la justicia a\nla v\u00edctima, a su familia y pide reparaci\u00f3n integral para las v\u00edctimas.\nAsimismo, acusa que el Estado es responsable de haber cometido actos de tortura\ny malos tratos contra sus familiares, difundi\u00f3 la agencia \u201cProceso\u201d.<\/p>\n\n\n\n<p>As\u00ed lo argumenta el dictamen del Comit\u00e9\nde Derechos Humanos al que tuvo acceso dicha agencia sobre una comunicaci\u00f3n\nindividual que presentaron los familiares de la v\u00edctima en la sede del\norganismo en Ginebra, proceso acompa\u00f1ado por Juan Carlos Guti\u00e9rrez abogado de\nla familia y director de I(DH)EAS.<\/p>\n\n\n\n<p>Este martes, dicha organizaci\u00f3n civil\ndar\u00e1 una conferencia de prensa en la capital del pa\u00eds, a fin de dar m\u00e1s\ndetalles acerca del caso.<\/p>\n\n\n\n<p>Entre otras irregularidades por parte\nde la autoridad ministerial, hall\u00f3 que a la luz de las obstrucciones en la\ninvestigaci\u00f3n de la investigaci\u00f3n, el cierre prematuro del caso, agregado al\ndolor de la p\u00e9rdida de su hijo y tomando en cuenta las amenazas que recibi\u00f3 el\npadre de la v\u00edctima Carlos Moreno Zamora , \u201cel Comit\u00e9 concluye que se desprende\nuna vulneraci\u00f3n del art\u00edculo 7 del pacto\u201d, el cual se refiere a que nadie ser\u00e1\nsometido a tortura o tratos crueles inhumanos o degradantes.<\/p>\n\n\n\n<p>\u201cEn vista de que han transcurrido ocho\na\u00f1os desde la desaparici\u00f3n del Sr. Moreno P\u00e9rez y desde las primeras denuncias\npresentadas por los autores de la presente comunicaci\u00f3n, sin que dichas\ninvestigaciones hayan avanzado significativamente y sin que el Estado parte\nhaya justificado adecuadamente dicho retraso\u201d, el Comit\u00e9 considera que \u201cdichas\ninvestigaciones se han dilatado excesivamente y que en consecuencia el art\u00edculo\n5 del Protocolo facultativo de la Convenci\u00f3n no le impide examinar la presente\nqueja\u201d.<\/p>\n\n\n\n<p>Sostiene que \u201clas autoridades construyeron\nuna versi\u00f3n falsa de los hechos, a saber, un presunto homicidio sobre\ndeclaraciones contradictorias\u201d.<\/p>\n\n\n\n<p>Entre algunas de las irregularidades\ndel caso se encuentra el aval\u00fao de los objetos que supuestamente le fueron\nrobados a la v\u00edctima. Un tel\u00e9fono celular Sony Ericcson, una c\u00e1mara fotogr\u00e1fica\ndigital y un iPod. El padre del desaparecido niega que su hijo tuviera c\u00e1mara\ndigital ni iPod, objetos que adem\u00e1s nunca fueron encontrados.<\/p>\n\n\n\n<p>El pap\u00e1 de Jes\u00fas Israel, Carlos Moreno\nZamora, al hacer la b\u00fasqueda de su hijo, encontr\u00f3 su celular, su mochila y los\nentreg\u00f3 a las autoridades, pero el Comit\u00e9 subraya que dicho tel\u00e9fono fue\nsustituido por otro id\u00e9ntico, siendo \u00e9sta la primera irregularidad al destruir\nuna prueba importante de la investigaci\u00f3n.<\/p>\n\n\n\n<p>Otra irregularidad es el testimonio de\nla supuesta descripci\u00f3n del cuerpo de Moreno por un pescador que habr\u00eda visto\n\u201cun cad\u00e1ver flotando el 20 de julio de 2011, robusto, 1 metro 50, de una edad\naproximada de 35 a\u00f1os, cuando en realidad es delgado, 1 metro 70, con cabello\nlargo y rizado\u201d.<\/p>\n\n\n\n<p>A estos hechos siguieron una cadena de\nirregularidades, contradicciones, detenciones arbitrarias, falsos testimonios\nhasta el d\u00eda de hoy en que la familia sigue sin saber el destino de Jes\u00fas\nIsrael.<\/p>\n\n\n\n<p>El Comit\u00e9 urge al Estado mexicano\nproporcionar una reparaci\u00f3n integral a las personas cuyos derechos hayan sido\nvulnerados en relaci\u00f3n con el caso.<\/p>\n","protected":false},"excerpt":{"rendered":"<p>Redacci\u00f3n\/Zona Roja Cdmx. Ciudad de M\u00e9xico, 3 de diciembre de 2019.- El Comit\u00e9 de Derechos&hellip;<\/p>\n","protected":false},"author":2,"featured_media":6306,"comment_status":"closed","ping_status":"open","sticky":false,"template":"","format":"standard","meta":{"_lmt_disableupdate":"","_lmt_disable":"","_jetpack_memberships_contains_paid_content":false,"footnotes":""},"categories":[109,47],"tags":[494,1092],"class_list":["post-6305","post","type-post","status-publish","format-standard","has-post-thumbnail","hentry","category-minuto-a-minuto","category-zona-gris","tag-fiscalia-general-del-estado-de-oaxaca","tag-jesus-israel-moreno"],"jetpack_featured_media_url":"https:\/\/zonaroja.com.mx\/wp-content\/uploads\/2019\/12\/Jes\u00fas-Israel-Moreno.jpg","jetpack_sharing_enabled":true,"_links":{"self":[{"href":"https:\/\/zonaroja.com.mx\/index.php?rest_route=\/wp\/v2\/posts\/6305","targetHints":{"allow":["GET"]}}],"collection":[{"href":"https:\/\/zonaroja.com.mx\/index.php?rest_route=\/wp\/v2\/posts"}],"about":[{"href":"https:\/\/zonaroja.com.mx\/index.php?rest_route=\/wp\/v2\/types\/post"}],"author":[{"embeddable":true,"href":"https:\/\/zonaroja.com.mx\/index.php?rest_route=\/wp\/v2\/users\/2"}],"replies":[{"embeddable":true,"href":"https:\/\/zonaroja.com.mx\/index.php?rest_route=%2Fwp%2Fv2%2Fcomments&post=6305"}],"version-history":[{"count":1,"href":"https:\/\/zonaroja.com.mx\/index.php?rest_route=\/wp\/v2\/posts\/6305\/revisions"}],"predecessor-version":[{"id":6307,"href":"https:\/\/zonaroja.com.mx\/index.php?rest_route=\/wp\/v2\/posts\/6305\/revisions\/6307"}],"wp:featuredmedia":[{"embeddable":true,"href":"https:\/\/zonaroja.com.mx\/index.php?rest_route=\/wp\/v2\/media\/6306"}],"wp:attachment":[{"href":"https:\/\/zonaroja.com.mx\/index.php?rest_route=%2Fwp%2Fv2%2Fmedia&parent=6305"}],"wp:term":[{"taxonomy":"category","embeddable":true,"href":"https:\/\/zonaroja.com.mx\/index.php?rest_route=%2Fwp%2Fv2%2Fcategories&post=6305"},{"taxonomy":"post_tag","embeddable":true,"href":"https:\/\/zonaroja.com.mx\/index.php?rest_route=%2Fwp%2Fv2%2Ftags&post=6305"}],"curies":[{"name":"wp","href":"https:\/\/api.w.org\/{rel}","templated":true}]}}