{"id":63055,"date":"2023-12-10T08:50:00","date_gmt":"2023-12-10T14:50:00","guid":{"rendered":"http:\/\/www.zonaroja.com.mx\/?p=63055"},"modified":"2023-12-10T07:18:16","modified_gmt":"2023-12-10T13:18:16","slug":"conmemoran-en-oaxaca-el-dia-del-administrador","status":"publish","type":"post","link":"https:\/\/zonaroja.com.mx\/?p=63055","title":{"rendered":"Conmemoran en Oaxaca el D\u00eda del Administrador"},"content":{"rendered":"\n<p>Redacci\u00f3n\/Zona Roja.<\/p>\n\n\n\n<p>Oaxaca de Ju\u00e1rez, Oax., a 10 de diciembre de 2023.- La Federaci\u00f3n Nacional del Colegio de Licenciados en Administraci\u00f3n (CONLA) &#8211; Oaxaca, se enorgullece en celebrar el D\u00eda del Administrador, en un evento que rinde homenaje a la destacada labor de las y los profesionales de la administraci\u00f3n en el \u00e1mbito empresarial y social.<\/p>\n\n\n\n<p>El evento tuvo lugar en la ciudad capital, donde el acto inaugural estuvo a cargo del Presidente del CONLA-Oaxaca, Gerardo Velasco Cruz, quien en su mensaje de bienvenida se\u00f1al\u00f3 que \u201cla v\u00eda para la educaci\u00f3n de calidad, la formaci\u00f3n<\/p>\n\n\n\n<p>profesional y la actualizaci\u00f3n acad\u00e9mica tiene que ser a trav\u00e9s las instituciones educativas en coordinaci\u00f3n con los colegios de profesionistas\u201d.<\/p>\n\n\n\n<p>As\u00ed mismo, agradeci\u00f3 la participaci\u00f3n de los representantes del campo de la administraci\u00f3n, c\u00e1maras empresariales, autoridades universitarias, estudiantes de la carrera de Administraci\u00f3n y al p\u00fablico en general por su distinguida presencia.<\/p>\n\n\n\n<p>El prop\u00f3sito central de la celebraci\u00f3n ha sido reconocer la labor invaluable de las y los profesionales de la administraci\u00f3n, quienes desempe\u00f1an un papel esencial en el \u00e9xito de las organizaciones, aportando significativamente al desarrollo econ\u00f3mico y social del pa\u00eds.<\/p>\n\n\n\n<p>Durante la ceremonia, fue galardonada, Rosa Aurora Arieta Parada, Socia Fundadora de la empresa Unillantas de Oaxaca, como Empresaria del A\u00f1o.&nbsp;<\/p>\n\n\n\n<p>Este reconocimiento destaca la excelencia y el impacto positivo de su liderazgo en el \u00e1mbito empresarial.<\/p>\n\n\n\n<p>As\u00ed mismo, en el marco del evento, se llev\u00f3 a cabo la toma de protesta del Colegio Estudiantil de Licenciados en Administraci\u00f3n, un momento que simboliza el compromiso de la nueva generaci\u00f3n de profesionales con los valores y principios que rigen la administraci\u00f3n efectiva.<\/p>\n\n\n\n<p>El diputado Luis Alfonso Silva Romo tuvo el honor de clausurar la celebraci\u00f3n, resaltando la importancia de la administraci\u00f3n como motor impulsor del progreso y desarrollo integral y econ\u00f3mico de Oaxaca.<\/p>\n","protected":false},"excerpt":{"rendered":"<p>Redacci\u00f3n\/Zona Roja. Oaxaca de Ju\u00e1rez, Oax., a 10 de diciembre de 2023.- La Federaci\u00f3n Nacional&hellip;<\/p>\n","protected":false},"author":2,"featured_media":63058,"comment_status":"closed","ping_status":"open","sticky":false,"template":"","format":"standard","meta":{"_lmt_disableupdate":"","_lmt_disable":"","_jetpack_memberships_contains_paid_content":false,"footnotes":""},"categories":[109,46],"tags":[2970],"class_list":["post-63055","post","type-post","status-publish","format-standard","has-post-thumbnail","hentry","category-minuto-a-minuto","category-zona-blanca","tag-gerardo-velasco-cruz"],"jetpack_featured_media_url":"https:\/\/zonaroja.com.mx\/wp-content\/uploads\/2023\/12\/Dia-del-Administrador-Gerardo-Velasco.jpg","jetpack_sharing_enabled":true,"_links":{"self":[{"href":"https:\/\/zonaroja.com.mx\/index.php?rest_route=\/wp\/v2\/posts\/63055","targetHints":{"allow":["GET"]}}],"collection":[{"href":"https:\/\/zonaroja.com.mx\/index.php?rest_route=\/wp\/v2\/posts"}],"about":[{"href":"https:\/\/zonaroja.com.mx\/index.php?rest_route=\/wp\/v2\/types\/post"}],"author":[{"embeddable":true,"href":"https:\/\/zonaroja.com.mx\/index.php?rest_route=\/wp\/v2\/users\/2"}],"replies":[{"embeddable":true,"href":"https:\/\/zonaroja.com.mx\/index.php?rest_route=%2Fwp%2Fv2%2Fcomments&post=63055"}],"version-history":[{"count":1,"href":"https:\/\/zonaroja.com.mx\/index.php?rest_route=\/wp\/v2\/posts\/63055\/revisions"}],"predecessor-version":[{"id":63059,"href":"https:\/\/zonaroja.com.mx\/index.php?rest_route=\/wp\/v2\/posts\/63055\/revisions\/63059"}],"wp:featuredmedia":[{"embeddable":true,"href":"https:\/\/zonaroja.com.mx\/index.php?rest_route=\/wp\/v2\/media\/63058"}],"wp:attachment":[{"href":"https:\/\/zonaroja.com.mx\/index.php?rest_route=%2Fwp%2Fv2%2Fmedia&parent=63055"}],"wp:term":[{"taxonomy":"category","embeddable":true,"href":"https:\/\/zonaroja.com.mx\/index.php?rest_route=%2Fwp%2Fv2%2Fcategories&post=63055"},{"taxonomy":"post_tag","embeddable":true,"href":"https:\/\/zonaroja.com.mx\/index.php?rest_route=%2Fwp%2Fv2%2Ftags&post=63055"}],"curies":[{"name":"wp","href":"https:\/\/api.w.org\/{rel}","templated":true}]}}