{"id":63060,"date":"2023-12-10T12:44:00","date_gmt":"2023-12-10T18:44:00","guid":{"rendered":"http:\/\/www.zonaroja.com.mx\/?p=63060"},"modified":"2023-12-10T07:53:10","modified_gmt":"2023-12-10T13:53:10","slug":"mujeres-del-pais-listas-construir-con-claudia-sheinbaum-el-segundo-piso-de-la-transformacion","status":"publish","type":"post","link":"https:\/\/zonaroja.com.mx\/?p=63060","title":{"rendered":"Mujeres del pa\u00eds, listas construir con Claudia Sheinbaum el segundo piso de la transformaci\u00f3n"},"content":{"rendered":"\n<p>Redacci\u00f3n\/Zona Roja Cdmx.<\/p>\n\n\n\n<p>Ciudad de M\u00e9xico, a 19 de diciembre de 2023.- Al participar en el encuentro denominado la \u201cAgenda de las Mujeres por el M\u00e9xico que Queremos con Claudia Sheinbaum\u201d, en Tlalnepantla, Estado de M\u00e9xico, la diputada Mariana Ben\u00edtez Tiburcio destac\u00f3 el momento hist\u00f3rico que vivir\u00e1n las mujeres a partir de 2024, lo que coadyuvar\u00e1 en la paridad en el pa\u00eds.&nbsp;<\/p>\n\n\n\n<p>\u201cTendremos un pa\u00eds paritario en todos los congresos locales, paritario en el Congreso federal, casi paritario en gubernaturas y por primera vez gobernados en la Presidencia por una mujer. A Claudia Sheinbaum le tocar\u00e1 inaugurar una nueva era en la historia de M\u00e9xico, la era de las mujeres en el poder. \u00bfY saben qu\u00e9? Esa ser\u00e1 la culminaci\u00f3n de la gran transformaci\u00f3n de M\u00e9xico\u201d, afirm\u00f3.&nbsp;<\/p>\n\n\n\n<p>La cofundadora de \u201cPor Ella, Por Todas\u201d, asegur\u00f3 que \u201cno hay duda de que M\u00e9xico con Claudia ser\u00e1 un pa\u00eds de derechos: el derecho a la salud, a una vida libre de violencia, al desarrollo, a la educaci\u00f3n para todas y todos. \u00bfEstamos listas para construirlo con Claudia? \u00a1Claro que estamos listas! Acudiremos al llamado hist\u00f3rico que nos hace Claudia Sheinbaum y lo haremos muy bien\u201d, finaliz\u00f3.&nbsp;<\/p>\n\n\n\n<p>Al presentar de manera oficial la alianza del movimiento \u201cPor Ella, Por Todas\u201d con las organizaciones \u201cMujeres Transformando M\u00e9xico A.C\u201d y \u201cMujeres Inquebrantables A.C\u201d, la abogada y exdiputada federal por la Ciudad de M\u00e9xico, Lorena Villavicencio sostuvo que las voces de mujeres afirman que Claudia Sheinbaum arrasar\u00e1 dos a uno en la elecci\u00f3n constitucional, porque &nbsp;su trayectoria de vida y principios, as\u00ed como su experiencia y conocimiento de la realidad de este pa\u00eds y los resultados que ha dado como gobernante son la garant\u00eda. &nbsp;<\/p>\n\n\n\n<p>\u201cLas mujeres de este pa\u00eds le daremos el bast\u00f3n de mando a Claudia Sheinbaum y nuestra agenda por la igualdad de derechos, oportunidades y autonom\u00eda ser\u00e1 realidad. El segundo piso es piso parejo. Convocamos a todas las organizaciones de mujeres, colectivos feministas, mujeres empresarias a formar parte de \u201cPor Ella, Por Todas\u201d, como hoy lo hacen formalmente Mujeres Transformando M\u00e9xico desde la Sociedad Civil\u201d, extern\u00f3.\u00a0<\/p>\n\n\n\n\n\n<p>En su oportunidad, la abogada y exdiputada local por la Ciudad de M\u00e9xico, adem\u00e1s de cofundadora de \u201cPor Ella, Por Todas\u201d, Teresa Ramos sostuvo que en tan solo unos meses, el primer objetivo de este movimiento nacional ya es una realidad, ya que Claudia Sheinbaum es la primer mujer con posibilidades reales de ocupar la silla presidencial en la historia de M\u00e9xico.&nbsp;<\/p>\n\n\n\n<p>\u201cClaudia Sheinbaum ha demostrado que tiene la experiencia necesaria tanto para llevar las riendas de nuestro pa\u00eds como para darle soluci\u00f3n a la agenda pendiente de las mujeres y con ello lograr una verdadera equidad; porque la herencia que dejaremos a nuestras ni\u00f1as es que sepan que pueden ser lo que quieran ser, incluso pueden ser Presidentas de M\u00e9xico\u201d, subray\u00f3. &nbsp;<\/p>\n\n\n\n<p>Por su parte la lideresa y coordinadora del movimiento \u201cPor Ella, Por Todas\u201d en el Estado de M\u00e9xico, Zully Mart\u00ednez manifest\u00f3 que las mujeres est\u00e1n listas para sumar y luchar para que una mujer represente a las mexicanas en la Presidencia de M\u00e9xico. &nbsp;<\/p>\n\n\n\n<p>\u201cNos tenemos que levantar como mujeres y tenemos a la mejor representante de las mujeres. Vamos a luchar para que Claudia Sheinbaum sea la Presidenta. Antes no \u00e9ramos tomadas en cuenta, ten\u00edamos que tocar puertas, \u00e9ramos agredidas, pero ahora en 2024 es el tiempo de las mujeres\u201d, refiri\u00f3. &nbsp;<\/p>\n\n\n\n<p>Finalmente, la presidenta de la organizaci\u00f3n \u201cMujeres Transformando M\u00e9xico A.C\u201d, Selene Olvera Nieto destac\u00f3 que esta agrupaci\u00f3n lucha como parte de sus objetivos por la igualdad y la justicia social y pol\u00edtica; por lo cual hoy la certeza &nbsp;es que M\u00e9xico necesita un gobierno incluyente, humanista, feminista, de compromisos leales enfocados con, por y para las mujeres.&nbsp;<\/p>\n\n\n\n<p>\u201cPor la Dra. Claudia Sheinbaum y por todas las mexicanas hemos decidido signar un Convenio de Colaboraci\u00f3n con lealtad, compromiso y profundo amor con el movimiento \u201cPor Ella, Por Todas\u201d para caminar y construir ese M\u00e9xico que necesitamos y consolidar un proyecto que beneficie a las familias en bienestar y sobre todo que les otorgue a las ni\u00f1as, ni\u00f1os y mujeres vivir en libertad\u201d, agreg\u00f3.&nbsp;<\/p>\n\n\n\n<p>\u201cHoy se inicia entre \u201cPor Ella, Por Todas\u201d y \u201cMujeres Transformando M\u00e9xico\u201d la continuidad de la transformaci\u00f3n de nuestro bello pa\u00eds\u201d, enfatiz\u00f3.<\/p>\n","protected":false},"excerpt":{"rendered":"<p>Redacci\u00f3n\/Zona Roja Cdmx. Ciudad de M\u00e9xico, a 19 de diciembre de 2023.- Al participar en&hellip;<\/p>\n","protected":false},"author":2,"featured_media":63057,"comment_status":"closed","ping_status":"open","sticky":false,"template":"","format":"standard","meta":{"_lmt_disableupdate":"","_lmt_disable":"","_jetpack_memberships_contains_paid_content":false,"footnotes":""},"categories":[109,46],"tags":[2969,3704],"class_list":["post-63060","post","type-post","status-publish","format-standard","has-post-thumbnail","hentry","category-minuto-a-minuto","category-zona-blanca","tag-mariana-benitez-tiburcio","tag-movimiento-por-ellas-por-todos"],"jetpack_featured_media_url":"https:\/\/zonaroja.com.mx\/wp-content\/uploads\/2023\/12\/Mariana-Benitez-Por-ella-por-todas.jpg","jetpack_sharing_enabled":true,"_links":{"self":[{"href":"https:\/\/zonaroja.com.mx\/index.php?rest_route=\/wp\/v2\/posts\/63060","targetHints":{"allow":["GET"]}}],"collection":[{"href":"https:\/\/zonaroja.com.mx\/index.php?rest_route=\/wp\/v2\/posts"}],"about":[{"href":"https:\/\/zonaroja.com.mx\/index.php?rest_route=\/wp\/v2\/types\/post"}],"author":[{"embeddable":true,"href":"https:\/\/zonaroja.com.mx\/index.php?rest_route=\/wp\/v2\/users\/2"}],"replies":[{"embeddable":true,"href":"https:\/\/zonaroja.com.mx\/index.php?rest_route=%2Fwp%2Fv2%2Fcomments&post=63060"}],"version-history":[{"count":1,"href":"https:\/\/zonaroja.com.mx\/index.php?rest_route=\/wp\/v2\/posts\/63060\/revisions"}],"predecessor-version":[{"id":63062,"href":"https:\/\/zonaroja.com.mx\/index.php?rest_route=\/wp\/v2\/posts\/63060\/revisions\/63062"}],"wp:featuredmedia":[{"embeddable":true,"href":"https:\/\/zonaroja.com.mx\/index.php?rest_route=\/wp\/v2\/media\/63057"}],"wp:attachment":[{"href":"https:\/\/zonaroja.com.mx\/index.php?rest_route=%2Fwp%2Fv2%2Fmedia&parent=63060"}],"wp:term":[{"taxonomy":"category","embeddable":true,"href":"https:\/\/zonaroja.com.mx\/index.php?rest_route=%2Fwp%2Fv2%2Fcategories&post=63060"},{"taxonomy":"post_tag","embeddable":true,"href":"https:\/\/zonaroja.com.mx\/index.php?rest_route=%2Fwp%2Fv2%2Ftags&post=63060"}],"curies":[{"name":"wp","href":"https:\/\/api.w.org\/{rel}","templated":true}]}}