{"id":63063,"date":"2023-12-10T09:53:00","date_gmt":"2023-12-10T15:53:00","guid":{"rendered":"http:\/\/www.zonaroja.com.mx\/?p=63063"},"modified":"2023-12-10T08:00:28","modified_gmt":"2023-12-10T14:00:28","slug":"indagan-asesinato-de-individuo-en-pinotepa-y-agresion-armada-en-juchitan","status":"publish","type":"post","link":"https:\/\/zonaroja.com.mx\/?p=63063","title":{"rendered":"Indagan asesinato de individuo en Pinotepa y agresi\u00f3n armada en Juchit\u00e1n"},"content":{"rendered":"\n<p>Raymundo Morales\/Zona Roja.<\/p>\n\n\n\n<p>Oaxaca de Ju\u00e1rez, Oax., a 10 de diciembre de 2023.- La Fiscal\u00eda General del Estado de Oaxaca investiga el asesinato de un individuo en Santiago Pinotepa Nacional y la agresi\u00f3n armada a migrantes en Juchit\u00e1n de Zaragoza.<\/p>\n\n\n\n<p>En la comunidad de Minindaca de Pinotepa, un individuo fue agredido con disparos de arma de fuego, mientras viajaba a bordo de una unidad de motor de carga y pasaje.<\/p>\n\n\n\n<p>La v\u00edctima no ha sido identificada hasta ahora y de manera preliminar se inform\u00f3 que era originario de la localidad de Mariano Matamoros. La Vicefiscal\u00eda Regional de la Costa inici\u00f3 la Carpeta de Investigaci\u00f3n respectiva.<\/p>\n\n\n\n<p>EN JUCHIT\u00c1N<\/p>\n\n\n\n<p>Mientras que en Juchit\u00e1n de Zaragoza, un grupo armado atac\u00f3 a los ocupantes de un mototaxi con migrantes, cuando transitaba por la calle Heliodoro Charis Castro de la colonia M\u00e1rtires 31 de Julio.<\/p>\n\n\n\n<p>Presuntamente se debi\u00f3 por la disputa del tr\u00e1fico de indocumentados que realizaba otra organizaci\u00f3n delictiva.<\/p>\n\n\n\n<p>Un individuo, originario de Ecuador, fue herido de gravedad y atendido por param\u00e9dicos del Heroico Cuerpo de Bomberos con sede en Juchit\u00e1n y trasladado a un hospital.<\/p>\n\n\n\n<p>A falta de vigilancia policiaca de elementos al mando del edil morenista Miguel S\u00e1nchez Altamirano, no hay personas detenidas.<\/p>\n","protected":false},"excerpt":{"rendered":"<p>Raymundo Morales\/Zona Roja. Oaxaca de Ju\u00e1rez, Oax., a 10 de diciembre de 2023.- La Fiscal\u00eda&hellip;<\/p>\n","protected":false},"author":2,"featured_media":63064,"comment_status":"closed","ping_status":"open","sticky":false,"template":"","format":"standard","meta":{"_lmt_disableupdate":"","_lmt_disable":"","_jetpack_memberships_contains_paid_content":false,"footnotes":""},"categories":[109,51],"tags":[123,916],"class_list":["post-63063","post","type-post","status-publish","format-standard","has-post-thumbnail","hentry","category-minuto-a-minuto","category-zona-roja","tag-juchitan-de-zaragoza","tag-pinotepa-nacional"],"jetpack_featured_media_url":"https:\/\/zonaroja.com.mx\/wp-content\/uploads\/2023\/12\/Migrantes-agredidos-Juchitan.jpg","jetpack_sharing_enabled":true,"_links":{"self":[{"href":"https:\/\/zonaroja.com.mx\/index.php?rest_route=\/wp\/v2\/posts\/63063","targetHints":{"allow":["GET"]}}],"collection":[{"href":"https:\/\/zonaroja.com.mx\/index.php?rest_route=\/wp\/v2\/posts"}],"about":[{"href":"https:\/\/zonaroja.com.mx\/index.php?rest_route=\/wp\/v2\/types\/post"}],"author":[{"embeddable":true,"href":"https:\/\/zonaroja.com.mx\/index.php?rest_route=\/wp\/v2\/users\/2"}],"replies":[{"embeddable":true,"href":"https:\/\/zonaroja.com.mx\/index.php?rest_route=%2Fwp%2Fv2%2Fcomments&post=63063"}],"version-history":[{"count":1,"href":"https:\/\/zonaroja.com.mx\/index.php?rest_route=\/wp\/v2\/posts\/63063\/revisions"}],"predecessor-version":[{"id":63065,"href":"https:\/\/zonaroja.com.mx\/index.php?rest_route=\/wp\/v2\/posts\/63063\/revisions\/63065"}],"wp:featuredmedia":[{"embeddable":true,"href":"https:\/\/zonaroja.com.mx\/index.php?rest_route=\/wp\/v2\/media\/63064"}],"wp:attachment":[{"href":"https:\/\/zonaroja.com.mx\/index.php?rest_route=%2Fwp%2Fv2%2Fmedia&parent=63063"}],"wp:term":[{"taxonomy":"category","embeddable":true,"href":"https:\/\/zonaroja.com.mx\/index.php?rest_route=%2Fwp%2Fv2%2Fcategories&post=63063"},{"taxonomy":"post_tag","embeddable":true,"href":"https:\/\/zonaroja.com.mx\/index.php?rest_route=%2Fwp%2Fv2%2Ftags&post=63063"}],"curies":[{"name":"wp","href":"https:\/\/api.w.org\/{rel}","templated":true}]}}