{"id":63066,"date":"2023-12-10T08:11:03","date_gmt":"2023-12-10T14:11:03","guid":{"rendered":"http:\/\/www.zonaroja.com.mx\/?p=63066"},"modified":"2023-12-10T08:11:05","modified_gmt":"2023-12-10T14:11:05","slug":"detienen-a-hijo-de-presidenta-municipal-de-jamiltepec","status":"publish","type":"post","link":"https:\/\/zonaroja.com.mx\/?p=63066","title":{"rendered":"Detienen a hijo de presidenta municipal de Jamiltepec"},"content":{"rendered":"\n<p>Redacci\u00f3n\/Zona Roja.<\/p>\n\n\n\n<p>Oaxaca de Ju\u00e1rez, a 10 de diciembre de 2023.- Acusado de diversos delitos, este s\u00e1bado fue detenido Manuel I. R., hijo de Cecilia Rivas M\u00e1rquez, presidenta municipal de Santiago Jamiltepec, Oaxaca.<\/p>\n\n\n\n<p>De acuerdo con reportes policiacos, el individuo conocido con el alias de \u201cEl Pantera\u201d fue aprehendido por elementos ministeriales y de la Guardia Nacional sobre la carretera federal 200 de la Costa, a la altura de la comunidad Emiliano Zapata.<\/p>\n\n\n\n<p>Manuel I. R. presuntamente est\u00e1 relacionado con diversos delitos e involucrado con la delincuencia organizada, por lo cual fue trasladado a la regi\u00f3n Valles Centrales de Oaxaca para ponerlo a disposici\u00f3n de un juez.<\/p>\n\n\n\n<p>Hasta el momento no se han dado a conocer mayores detalles por los cuales fue aprehendido el joven y, seg\u00fan registros hemerogr\u00e1ficos, su hermano fue abatido hace dos a\u00f1os por un grupo armado.<\/p>\n\n\n\n<p>Por su parte, la presidenta municipal de Jamiltepec tampoco ha dado a conocer una postura al respecto.<\/p>\n","protected":false},"excerpt":{"rendered":"<p>Redacci\u00f3n\/Zona Roja. Oaxaca de Ju\u00e1rez, a 10 de diciembre de 2023.- Acusado de diversos delitos,&hellip;<\/p>\n","protected":false},"author":2,"featured_media":63067,"comment_status":"closed","ping_status":"open","sticky":false,"template":"","format":"standard","meta":{"_lmt_disableupdate":"","_lmt_disable":"","_jetpack_memberships_contains_paid_content":false,"footnotes":""},"categories":[109,46],"tags":[797],"class_list":["post-63066","post","type-post","status-publish","format-standard","has-post-thumbnail","hentry","category-minuto-a-minuto","category-zona-blanca","tag-santiago-jamiltepec"],"jetpack_featured_media_url":"https:\/\/zonaroja.com.mx\/wp-content\/uploads\/2023\/12\/Santiago-Jamiltepec.jpg","jetpack_sharing_enabled":true,"_links":{"self":[{"href":"https:\/\/zonaroja.com.mx\/index.php?rest_route=\/wp\/v2\/posts\/63066","targetHints":{"allow":["GET"]}}],"collection":[{"href":"https:\/\/zonaroja.com.mx\/index.php?rest_route=\/wp\/v2\/posts"}],"about":[{"href":"https:\/\/zonaroja.com.mx\/index.php?rest_route=\/wp\/v2\/types\/post"}],"author":[{"embeddable":true,"href":"https:\/\/zonaroja.com.mx\/index.php?rest_route=\/wp\/v2\/users\/2"}],"replies":[{"embeddable":true,"href":"https:\/\/zonaroja.com.mx\/index.php?rest_route=%2Fwp%2Fv2%2Fcomments&post=63066"}],"version-history":[{"count":1,"href":"https:\/\/zonaroja.com.mx\/index.php?rest_route=\/wp\/v2\/posts\/63066\/revisions"}],"predecessor-version":[{"id":63068,"href":"https:\/\/zonaroja.com.mx\/index.php?rest_route=\/wp\/v2\/posts\/63066\/revisions\/63068"}],"wp:featuredmedia":[{"embeddable":true,"href":"https:\/\/zonaroja.com.mx\/index.php?rest_route=\/wp\/v2\/media\/63067"}],"wp:attachment":[{"href":"https:\/\/zonaroja.com.mx\/index.php?rest_route=%2Fwp%2Fv2%2Fmedia&parent=63066"}],"wp:term":[{"taxonomy":"category","embeddable":true,"href":"https:\/\/zonaroja.com.mx\/index.php?rest_route=%2Fwp%2Fv2%2Fcategories&post=63066"},{"taxonomy":"post_tag","embeddable":true,"href":"https:\/\/zonaroja.com.mx\/index.php?rest_route=%2Fwp%2Fv2%2Ftags&post=63066"}],"curies":[{"name":"wp","href":"https:\/\/api.w.org\/{rel}","templated":true}]}}