{"id":63071,"date":"2023-12-10T19:19:17","date_gmt":"2023-12-11T01:19:17","guid":{"rendered":"http:\/\/www.zonaroja.com.mx\/?p=63071"},"modified":"2023-12-10T19:19:20","modified_gmt":"2023-12-11T01:19:20","slug":"confirma-la-fiscalia-detencion-de-presunto-lider-criminal-en-la-costa-de-oaxaca","status":"publish","type":"post","link":"https:\/\/zonaroja.com.mx\/?p=63071","title":{"rendered":"Confirma la Fiscal\u00eda detenci\u00f3n de presunto l\u00edder criminal en la Costa de Oaxaca"},"content":{"rendered":"\n<p>Redacci\u00f3n\/Zona Roja.&nbsp;<\/p>\n\n\n\n<p>Oaxaca de Ju\u00e1rez, Oax., a 10 de diciembre de 2023.-&nbsp; En un operativo efectuado por elementos de la Guardia Nacional, Secretar\u00eda de la Defensa Nacional y Fiscal\u00eda General del Estado de Oaxaca (FGEO), se ejecut\u00f3 una orden de aprehensi\u00f3n contra un hombre identificado como M.I.R., alias \u201cEl pantera\u201d.<\/p>\n\n\n\n<p>El imputado por diversos delitos, es uno de los objetivos prioritarios en la regi\u00f3n de la Costa, ya que estar\u00eda involucrado en hechos de violencia, as\u00ed como actividades il\u00edcitas que se configuran en delitos tanto del fuero com\u00fan como del federal, por lo que, se realizaron las investigaciones correspondientes que dieron como resultado su detenci\u00f3n.<\/p>\n\n\n\n<p>Ante ello, M.I.R fue capturado en R\u00edo Verde, cerca de Santiago Jamiltepec ayer s\u00e1bado 9 de diciembre, siendo puesto a disposici\u00f3n de la Fiscal\u00eda General del Estado por los delitos del fuero com\u00fan.<\/p>\n\n\n\n<p>La Fiscal\u00eda de Oaxaca mantiene de manera permanente acciones de inteligencia que permiten detectar objetivos generadores de violencia, as\u00ed como realizar acciones que contribuyan a la paz de las localidades y regiones de la entidad.<\/p>\n\n\n\n<p>(Comunicado)<\/p>\n","protected":false},"excerpt":{"rendered":"<p>Redacci\u00f3n\/Zona Roja.&nbsp; Oaxaca de Ju\u00e1rez, Oax., a 10 de diciembre de 2023.-&nbsp; En un operativo&hellip;<\/p>\n","protected":false},"author":2,"featured_media":34301,"comment_status":"closed","ping_status":"open","sticky":false,"template":"","format":"standard","meta":{"_lmt_disableupdate":"","_lmt_disable":"","_jetpack_memberships_contains_paid_content":false,"footnotes":""},"categories":[109,46],"tags":[494],"class_list":["post-63071","post","type-post","status-publish","format-standard","has-post-thumbnail","hentry","category-minuto-a-minuto","category-zona-blanca","tag-fiscalia-general-del-estado-de-oaxaca"],"jetpack_featured_media_url":"https:\/\/zonaroja.com.mx\/wp-content\/uploads\/2021\/11\/Detenido-delito-violencia-1.jpg","jetpack_sharing_enabled":true,"_links":{"self":[{"href":"https:\/\/zonaroja.com.mx\/index.php?rest_route=\/wp\/v2\/posts\/63071","targetHints":{"allow":["GET"]}}],"collection":[{"href":"https:\/\/zonaroja.com.mx\/index.php?rest_route=\/wp\/v2\/posts"}],"about":[{"href":"https:\/\/zonaroja.com.mx\/index.php?rest_route=\/wp\/v2\/types\/post"}],"author":[{"embeddable":true,"href":"https:\/\/zonaroja.com.mx\/index.php?rest_route=\/wp\/v2\/users\/2"}],"replies":[{"embeddable":true,"href":"https:\/\/zonaroja.com.mx\/index.php?rest_route=%2Fwp%2Fv2%2Fcomments&post=63071"}],"version-history":[{"count":1,"href":"https:\/\/zonaroja.com.mx\/index.php?rest_route=\/wp\/v2\/posts\/63071\/revisions"}],"predecessor-version":[{"id":63072,"href":"https:\/\/zonaroja.com.mx\/index.php?rest_route=\/wp\/v2\/posts\/63071\/revisions\/63072"}],"wp:featuredmedia":[{"embeddable":true,"href":"https:\/\/zonaroja.com.mx\/index.php?rest_route=\/wp\/v2\/media\/34301"}],"wp:attachment":[{"href":"https:\/\/zonaroja.com.mx\/index.php?rest_route=%2Fwp%2Fv2%2Fmedia&parent=63071"}],"wp:term":[{"taxonomy":"category","embeddable":true,"href":"https:\/\/zonaroja.com.mx\/index.php?rest_route=%2Fwp%2Fv2%2Fcategories&post=63071"},{"taxonomy":"post_tag","embeddable":true,"href":"https:\/\/zonaroja.com.mx\/index.php?rest_route=%2Fwp%2Fv2%2Ftags&post=63071"}],"curies":[{"name":"wp","href":"https:\/\/api.w.org\/{rel}","templated":true}]}}