{"id":63073,"date":"2023-12-10T19:25:15","date_gmt":"2023-12-11T01:25:15","guid":{"rendered":"http:\/\/www.zonaroja.com.mx\/?p=63073"},"modified":"2023-12-10T19:27:57","modified_gmt":"2023-12-11T01:27:57","slug":"mujeres-privadas-de-libertad-presentan-sus-obras-en-la-exposicion-pintando-suenos","status":"publish","type":"post","link":"https:\/\/zonaroja.com.mx\/?p=63073","title":{"rendered":"Mujeres privadas de libertad presentan sus obras en la exposici\u00f3n \u201cPintando Sue\u00f1os\u201d"},"content":{"rendered":"\n<p>Redacci\u00f3n\/Zona Roja.&nbsp;<\/p>\n\n\n\n<p>Oaxaca de Ju\u00e1rez, Oax. 10 de diciembre de 2023.- M\u00e1s de 30 lienzos pintados por mujeres privadas de libertad del Centro Penitenciario Tanivet Femenil, forman parte de la exposici\u00f3n y venta \u201cPintando Sue\u00f1os\u201d, que la Secretar\u00eda de Seguridad y Protecci\u00f3n Ciudadana (SSPC) organiza en coordinaci\u00f3n con la Defensor\u00eda de los Derechos Humanos del Pueblo de Oaxaca (DDHPO).<\/p>\n\n\n\n<p>La muestra art\u00edstica conformada por diversas t\u00e9cnicas se realiza del 8 al 15 de diciembre en el auditorio \u201cJos\u00e9 A. Mujica Cordano\u201d de la DDHPO, ubicado en calle de los Derechos Humanos n\u00famero 210, colonia Am\u00e9rica en la ciudad de Oaxaca.<\/p>\n\n\n\n<p>Durante el acto inaugural, el subsecretario de Prevenci\u00f3n y Reinserci\u00f3n Social, Roberto Claudio Castillo Ram\u00edrez y la titular de la DDHPO, Elizabeth Lara Rodr\u00edguez, destacaron la importancia de impulsar la cultura como un elemento esencial para el desarrollo humano integral de las Personas Privadas de Libertad (PPL).<\/p>\n\n\n\n<p>Asimismo, reiteraron su compromiso en la suma de esfuerzos como un medio que impulse la reinserci\u00f3n social efectiva, basada en el estricto apego a los derechos humanos.<\/p>\n\n\n\n<p>A esta actividad tambi\u00e9n asisti\u00f3 la subsecretaria contra la Violencia de G\u00e9nero de la Secretar\u00eda de las Mujeres, Yolanda Santos Monta\u00f1o, la subsecretaria de Desarrollo para el Bienestar, Luz Alejandra Hern\u00e1ndez Rojas y la diputada Adriana Altamirano Rosales.<\/p>\n\n\n\n<p>(Comunicado)<\/p>\n","protected":false},"excerpt":{"rendered":"<p>Redacci\u00f3n\/Zona Roja.&nbsp; Oaxaca de Ju\u00e1rez, Oax. 10 de diciembre de 2023.- M\u00e1s de 30 lienzos&hellip;<\/p>\n","protected":false},"author":2,"featured_media":63074,"comment_status":"closed","ping_status":"open","sticky":false,"template":"","format":"standard","meta":{"_lmt_disableupdate":"","_lmt_disable":"","_jetpack_memberships_contains_paid_content":false,"footnotes":""},"categories":[109,46],"tags":[287],"class_list":["post-63073","post","type-post","status-publish","format-standard","has-post-thumbnail","hentry","category-minuto-a-minuto","category-zona-blanca","tag-ddhpo"],"jetpack_featured_media_url":"https:\/\/zonaroja.com.mx\/wp-content\/uploads\/2023\/12\/FOTO-3.jpeg","jetpack_sharing_enabled":true,"_links":{"self":[{"href":"https:\/\/zonaroja.com.mx\/index.php?rest_route=\/wp\/v2\/posts\/63073","targetHints":{"allow":["GET"]}}],"collection":[{"href":"https:\/\/zonaroja.com.mx\/index.php?rest_route=\/wp\/v2\/posts"}],"about":[{"href":"https:\/\/zonaroja.com.mx\/index.php?rest_route=\/wp\/v2\/types\/post"}],"author":[{"embeddable":true,"href":"https:\/\/zonaroja.com.mx\/index.php?rest_route=\/wp\/v2\/users\/2"}],"replies":[{"embeddable":true,"href":"https:\/\/zonaroja.com.mx\/index.php?rest_route=%2Fwp%2Fv2%2Fcomments&post=63073"}],"version-history":[{"count":1,"href":"https:\/\/zonaroja.com.mx\/index.php?rest_route=\/wp\/v2\/posts\/63073\/revisions"}],"predecessor-version":[{"id":63075,"href":"https:\/\/zonaroja.com.mx\/index.php?rest_route=\/wp\/v2\/posts\/63073\/revisions\/63075"}],"wp:featuredmedia":[{"embeddable":true,"href":"https:\/\/zonaroja.com.mx\/index.php?rest_route=\/wp\/v2\/media\/63074"}],"wp:attachment":[{"href":"https:\/\/zonaroja.com.mx\/index.php?rest_route=%2Fwp%2Fv2%2Fmedia&parent=63073"}],"wp:term":[{"taxonomy":"category","embeddable":true,"href":"https:\/\/zonaroja.com.mx\/index.php?rest_route=%2Fwp%2Fv2%2Fcategories&post=63073"},{"taxonomy":"post_tag","embeddable":true,"href":"https:\/\/zonaroja.com.mx\/index.php?rest_route=%2Fwp%2Fv2%2Ftags&post=63073"}],"curies":[{"name":"wp","href":"https:\/\/api.w.org\/{rel}","templated":true}]}}