{"id":63082,"date":"2023-12-11T07:22:17","date_gmt":"2023-12-11T13:22:17","guid":{"rendered":"http:\/\/www.zonaroja.com.mx\/?p=63082"},"modified":"2023-12-11T07:22:18","modified_gmt":"2023-12-11T13:22:18","slug":"opinion-oaxaca-capital-entre-morenistas-desprestigiados-y-alerta-de-derrota","status":"publish","type":"post","link":"https:\/\/zonaroja.com.mx\/?p=63082","title":{"rendered":"Opini\u00f3n. Oaxaca capital: entre morenistas desprestigiados y alerta de derrota"},"content":{"rendered":"\n<p>Ismael Garc\u00eda M.\/Zona Roja.<\/p>\n\n\n\n<p>Oaxaca de Ju\u00e1rez, Oax., a 10 de diciembre de 2023.- El Partido Morena procesa en estos d\u00edas las candidaturas al Senado de la Rep\u00fablica y luego seguir\u00e1 sus \u201cencuestas\u201d internas para las diputaciones federales.<\/p>\n\n\n\n<p>Tras ello, dar\u00e1 paso al proceso interno para elegir a los probables aspirantes a los Congresos locales y presidencias municipales, como es el caso de Oaxaca, en los comicios 2024.<\/p>\n\n\n\n<p>Sin embargo, en el partido guinda las pasiones est\u00e1n desatadas desde hace mucho tiempo, y tambi\u00e9n las violaciones flagrantes a las leyes electorales, con excesiva publicidad y propaganda, bajo cualquier pretexto.<\/p>\n\n\n\n<p>Por donde quiera hay anuncios, hasta en inmuebles hist\u00f3ricos \u2014como fue el caso de Francisco Mart\u00ednez Neri que coloc\u00f3 propaganda en el kiosco del z\u00f3calo\u2014, autobuses, taxis, bardas, casetas comerciales y m\u00e1s.<\/p>\n\n\n\n<p>Y, claro, pese a escasas denuncias del PRI, el Instituto Estatal Electoral ha guardado silencio, rebasado por sus conflictos internos, y\/o ha hecho caso omiso para sancionar y ordenar el retiro de toda propaganda.<\/p>\n\n\n\n<p>FACTOR NO\u00c9<\/p>\n\n\n\n<p>Cual jefe de campa\u00f1a, No\u00e9 Jara Cruz trae desde hace varios meses a sus candidatos recorriendo calles y colonias de la ciudad de Oaxaca. Reuniones informativas, apoyo a la gente, pinta de bardas y banquetas, jornadas de limpieza, son los pretextos.<\/p>\n\n\n\n<p>Pero sus postulados nada m\u00e1s no crecen: Luis Alfonso Silva Romo, ex panista y neomorenista es uno de ellos.<\/p>\n\n\n\n<p>Con un gris desempe\u00f1o en su paso por la Junta de Coordinaci\u00f3n Pol\u00edtica del Congreso, el diputado local, se presume, hizo sus ahorros para la precampa\u00f1a y campa\u00f1a pol\u00edtica que emprender\u00e1.<\/p>\n\n\n\n<p>Los gastos exhorbitantes dan cuenta de ello, como el megaacarreo que hizo cuando rindi\u00f3 un informe en el auditorio \u201cGuelaguetza\u201d o la multitud de bardas, espectaculares y pegostes en el transporte urbano concesionado.<\/p>\n\n\n\n<p>Pero nada de eso ha destacado, sino su absoluta sumisi\u00f3n hacia No\u00e9 Jara y la irritaci\u00f3n de \u00e9ste porque Silva Romo no levanta en las encuestas; la \u00fanica salida, hasta ahora, es que repita como legislador.<\/p>\n\n\n\n<p>Por cierto, penden a\u00fan diversas denuncias en su contra como notario p\u00fablico, por presuntas actuaciones semejantes al \u201cC\u00e1rtel del despojo\u201d.<\/p>\n\n\n\n<p>Hayde\u00e9 Reyes Soto se pasea desde hace muchos meses en la ciudad de Oaxaca\u2026 pero mantiene en el olvido a su distrito, Tlacolula, donde gan\u00f3 las elecciones como legisladora.<\/p>\n\n\n\n<p>Pero el plan B de No\u00e9 Jara tampoco cuaja, pues quien fuera funcionaria en el gobierno de Gabino Cu\u00e9 Monteagudo no tiene un rasgo de pol\u00edtica y no genera empat\u00eda con la poblaci\u00f3n.&nbsp;<\/p>\n\n\n\n<p>\u00bfY qui\u00e9n es Raymundo Chagoya? Con un proceso en su contra como deudor alimentario, en la capital no lo conocen m\u00e1s que por ser el aplaudidor de No\u00e9 Jara e hijo de la familia Chagoya, mezcaleros de anta\u00f1o.<\/p>\n\n\n\n<p>Por quien se decida No\u00e9 Jara, no Morena, no tiene ni tendr\u00e1 el arrastre de un verdadero candidato o candidata que jale masas para asegurar un triunfo holgado al partido guinda.<\/p>\n\n\n\n<p>NERI NOQUEADO<\/p>\n\n\n\n<p>Morenista tambi\u00e9n, Francisco Mart\u00ednez Neri ya dijo que quiere repetir en el cargo como presidente municipal. Pero tiene todo en contra, incluyendo la voluntad del titular del Poder Ejecutivo.<\/p>\n\n\n\n<p>Lucha adem\u00e1s con su propio equipo de trabajo interno, como es el caso del secretario de Gobierno, Felipe Canseco Ruiz, que en cada decisi\u00f3n que toma, termina perjudicando al edil.<\/p>\n\n\n\n<p>Y manchando la imagen morenista, pues se ha valido de acarreados priistas para supuestamente respaldar a la autoridad municipal.<\/p>\n\n\n\n<p>Como es el caso de varios concejales, entre ellos la s\u00edndica Nancy Mota, que trabajan pol\u00edticamente para No\u00e9 Jara.<\/p>\n\n\n\n<p>Tiene tras de s\u00ed tambi\u00e9n un fallido gobierno en muchas \u00e1reas, como es el caso de la seguridad, en que tiene un descontrol total y en consecuencia un crecimiento de los delitos, incluyendo homicidios.<\/p>\n\n\n\n<p>Adem\u00e1s, la crisis de la basura no ha menguado y ha gastado m\u00e1s de 250 millones de pesos para atender la problem\u00e1tica, que incluye el traslado a otras entidades; in\u00e9dito egreso, que rebasa al de las obras p\u00fablicas.<\/p>\n\n\n\n<p>Tampoco ha podido con el combate a la corrupci\u00f3n de su antecesor Oswaldo Garc\u00eda Jarqu\u00edn \u2014ni podr\u00e1\u2014, pues a casi dos a\u00f1os de recibir, el gobierno, no ha hecho absolutamente nada por sancionar el desfalco, m\u00e1s que terminar un proceso de revisi\u00f3n interna.<\/p>\n\n\n\n<p>Al presidente municipal le queda pr\u00e1cticamente medio a\u00f1o de gobierno, por el proceso electoral, pero no avanza ni avanzar\u00e1 m\u00e1s, ya que ha quedado demostrado que es incapaz de gobernar la capital.<\/p>\n\n\n\n<p>\u00bfY LA OPOSICI\u00d3N?<\/p>\n\n\n\n<p>Desdibujados el PAN, el PRI y el PRD, en la ahora oposici\u00f3n a Morena pr\u00e1cticamente no hay d\u00f3nde escoger, pues panistas y perredistas est\u00e1n pr\u00e1cticamente extinguidos.<\/p>\n\n\n\n<p>Mientras que el priismo inici\u00f3, tarde, su reestructuraci\u00f3n y con Mar\u00eda del Carmen Ric\u00e1rdez Vela lucha por recuperar espacios perdidos, ante la apat\u00eda de la anterior dirigencia que encabez\u00f3 Javier Villaca\u00f1a.<\/p>\n\n\n\n<p>\u00bfAlguien conoce a Pablo Puga? Asegura que es concejal priista en el ayuntamiento de Oaxaca de Ju\u00e1rez, pero donde no participa absolutamente en las discusiones.<\/p>\n\n\n\n<p>Ha emprendido acciones para promocionar su imagen, entre ellas la difusi\u00f3n en autobuses del transporte p\u00fablico. Pero el hijo de H\u00e9ctor Pablo Ram\u00edrez Puga \u2014ex priista, ex panista, ex perredista, ex priista y ahora en Movimiento Ciudadano\u2014 no tiene quien lo respalde y mucho menos conoce las agencias y colonias de la capital.<\/p>\n\n\n\n<p>En las \u00faltimas semanas y sin actos proselitistas, ha resurgido la imagen de Mart\u00edn V\u00e1squez Villanueva, ex secretario de Salud, ex legislador local y federal, ex titular de la Cortv, entre otros cargos, quien lleva m\u00e1s de 15 a\u00f1os residiendo en la capital.<\/p>\n\n\n\n<p>Y lo ha hecho con reuniones vecinales para difundir su libro sobre el Covid, as\u00ed como foros-conferencias magistrales sobre las graves problem\u00e1ticas en la capital oaxaque\u00f1a.<\/p>\n\n\n\n<p>No ha necesitado de espectaculares ni de propaganda para destacar en distintos c\u00edrculos informativos y pol\u00edticos. Ha aceptado que quiere gobernar la capital y apenas ayer domingo, particip\u00f3 en la recepci\u00f3n de la hija de X\u00f3chitl G\u00e1lvez, Diana Vega G\u00e1lvez.<\/p>\n\n\n\n<p>Hasta ahora es la \u00fanica figura p\u00fablica con trayectoria que ha levantado la mano del lado de la oposici\u00f3n. Y no hay a corto plazo, con los tiempos electorales encima, alguien que aspire a gobernar la capital.<\/p>\n\n\n\n<p>\u00bfPodr\u00eda ser el candidato del PRI-PAN-PRD? Por lo pronto, el factor X\u00f3chitl juega y jugar\u00e1 un papel fundamental tambi\u00e9n en Oaxaca. Si a nivel nacional ha infundido temor al equipo de Claudia Sheinbaum, en la entidad tambi\u00e9n hay, por lo pronto, preocupaci\u00f3n por el crecimiento de esta alianza.<\/p>\n","protected":false},"excerpt":{"rendered":"<p>Ismael Garc\u00eda M.\/Zona Roja. Oaxaca de Ju\u00e1rez, Oax., a 10 de diciembre de 2023.- El&hellip;<\/p>\n","protected":false},"author":2,"featured_media":41735,"comment_status":"closed","ping_status":"open","sticky":false,"template":"","format":"standard","meta":{"_lmt_disableupdate":"","_lmt_disable":"","_jetpack_memberships_contains_paid_content":false,"footnotes":""},"categories":[456,48],"tags":[1353],"class_list":["post-63082","post","type-post","status-publish","format-standard","has-post-thumbnail","hentry","category-columna","category-zona-critica","tag-opinion-zona-critica"],"jetpack_featured_media_url":"https:\/\/zonaroja.com.mx\/wp-content\/uploads\/2022\/05\/Opinion-Ismael-Garcia-M.jpg","jetpack_sharing_enabled":true,"_links":{"self":[{"href":"https:\/\/zonaroja.com.mx\/index.php?rest_route=\/wp\/v2\/posts\/63082","targetHints":{"allow":["GET"]}}],"collection":[{"href":"https:\/\/zonaroja.com.mx\/index.php?rest_route=\/wp\/v2\/posts"}],"about":[{"href":"https:\/\/zonaroja.com.mx\/index.php?rest_route=\/wp\/v2\/types\/post"}],"author":[{"embeddable":true,"href":"https:\/\/zonaroja.com.mx\/index.php?rest_route=\/wp\/v2\/users\/2"}],"replies":[{"embeddable":true,"href":"https:\/\/zonaroja.com.mx\/index.php?rest_route=%2Fwp%2Fv2%2Fcomments&post=63082"}],"version-history":[{"count":1,"href":"https:\/\/zonaroja.com.mx\/index.php?rest_route=\/wp\/v2\/posts\/63082\/revisions"}],"predecessor-version":[{"id":63083,"href":"https:\/\/zonaroja.com.mx\/index.php?rest_route=\/wp\/v2\/posts\/63082\/revisions\/63083"}],"wp:featuredmedia":[{"embeddable":true,"href":"https:\/\/zonaroja.com.mx\/index.php?rest_route=\/wp\/v2\/media\/41735"}],"wp:attachment":[{"href":"https:\/\/zonaroja.com.mx\/index.php?rest_route=%2Fwp%2Fv2%2Fmedia&parent=63082"}],"wp:term":[{"taxonomy":"category","embeddable":true,"href":"https:\/\/zonaroja.com.mx\/index.php?rest_route=%2Fwp%2Fv2%2Fcategories&post=63082"},{"taxonomy":"post_tag","embeddable":true,"href":"https:\/\/zonaroja.com.mx\/index.php?rest_route=%2Fwp%2Fv2%2Ftags&post=63082"}],"curies":[{"name":"wp","href":"https:\/\/api.w.org\/{rel}","templated":true}]}}