{"id":63089,"date":"2023-12-11T13:00:00","date_gmt":"2023-12-11T19:00:00","guid":{"rendered":"http:\/\/www.zonaroja.com.mx\/?p=63089"},"modified":"2023-12-11T07:49:08","modified_gmt":"2023-12-11T13:49:08","slug":"alertan-a-gobierno-de-oaxaca-a-tomar-medidas-contra-el-crimen-organizado","status":"publish","type":"post","link":"https:\/\/zonaroja.com.mx\/?p=63089","title":{"rendered":"Alertan a gobierno de Oaxaca a tomar medidas contra el crimen organizado"},"content":{"rendered":"\n<p>Yuridiana Sosa\/Zona Roja.<\/p>\n\n\n\n<p>Parte III\/IV<\/p>\n\n\n\n<p>Oaxaca de Ju\u00e1rez, Oax., a 11 de diciembre de 2023.- Frente al panorama estatal relacionado con las actividades del crimen organizado, el&nbsp;investigador y especialista en seguridad, Eduardo Guerrero Guti\u00e9rrez, emiti\u00f3 al gobierno de Oaxaca una serie de recomendaciones para mejorar la situaci\u00f3n de seguridad y gobernabilidad.&nbsp;<\/p>\n\n\n\n<p>Durante la conferencia que imparti\u00f3 el fin de semana en la capital del estado, destac\u00f3 la importancia de las acciones del gobierno para frenar la violencia, pues desde su perspectiva, existen condiciones para que en un par de a\u00f1os se intensifique&nbsp;la disputa entre las organizaciones criminales en varios puntos del territorio.<\/p>\n\n\n\n<p>En primer t\u00e9rmino, se\u00f1al\u00f3 que el estado debe&nbsp;fortalecer operativos coordinados y permanentes en las dos zonas identificadas como de mayor riesgo, que es la frontera con Veracruz y la regi\u00f3n del Istmo en rutas terrestres del Corredor Interoce\u00e1nico.<\/p>\n\n\n\n<p>En segundo lugar, recomend\u00f3&nbsp;establecer un mecanismo institucional de atenci\u00f3n y resoluci\u00f3n de conflictos territoriales y agrarios que abran un espacio de negociaci\u00f3n entre comunidades y que eviten que estas busquen el apoyo del crimen organizado.&nbsp;<\/p>\n\n\n\n<p>Guerrero Guti\u00e9rrez consider\u00f3 relevante que el gobierno estatal fortalezca&nbsp;acciones preventivas contra el reclutamiento de ni\u00f1os y j\u00f3venes para incorporarlos forzadamente a las filas del crimen de organizaciones delincuenciales.&nbsp;<\/p>\n\n\n\n<p>Respecto a la seguridad, puntualiz\u00f3 sobre la importancia de fortalecer la capacidad corporativa para auxiliar a las polic\u00edas municipales que no tienen personal suficiente ni equipo ni preparaci\u00f3n para hacer frente al crimen organizado.&nbsp;<\/p>\n\n\n\n<p>Mientras que, dijo, es relevante&nbsp;definir un esquema de actuaci\u00f3n frente al fen\u00f3meno migratorio, el cual evite dejar a las personas migrantes en manos de la delincuencia organizada, eso traer\u00eda en consecuencia cancelar una importante fuente de ingresos para el financiamiento de actividades delincuenciales.<\/p>\n\n\n\n<p>El Doctor en Ciencias Pol\u00edticas llam\u00f3 al gobierno a atender&nbsp;puntualmente los problemas de violencia entre comunidades, los cuales provocan el desplazamiento forzado de poblaciones, pues el crimen lo aprovecha para apoderarse de territorios y para el reclutamiento forzado.<\/p>\n\n\n\n<p>Considero importante que en Oaxaca se promuevan campa\u00f1as de desarme en comunidades, con el fin de detectar la presencia de armas de alto poder, que son parte de la estrategia del crimen organizado para apoderar a los j\u00f3venes en las comunidades.<\/p>\n\n\n\n<p>Guerrero Guti\u00e9rrez destac\u00f3 que se deben establecer cuerpos policiales especializados en extorsiones y feminicidio que atiendan a municipios con mayor incidencia delictiva. Mientras que en otro punto llam\u00f3 a la promoci\u00f3n de una pol\u00edtica coordinada con la Secretar\u00eda de Marina, el Ej\u00e9rcito Mexicano y la Guardia Nacional para la vigilancia de los puertos, en especial en Salina Cruz que tendr\u00e1 un incremento de actividades con los proyectos estrat\u00e9gicos.<\/p>\n\n\n\n<p>Como punto final, indic\u00f3 que es importante&nbsp;fortalecer las acciones de apoyo institucional a los cuerpos policiacos y de investigaci\u00f3n para resistir los intentos de intimidaci\u00f3n y subordinaci\u00f3n del crimen organizado.<\/p>\n\n\n\n<p>PREVE INCREMENTO<\/p>\n\n\n\n<p>El analista de la seguridad, se\u00f1al\u00f3 que en Oaxaca en&nbsp;los pr\u00f3ximos dos o tres a\u00f1os, dada la situaci\u00f3n geogr\u00e1fica, el desarrollo de proyectos estrat\u00e9gicos, y una mayor presencia de organizaciones criminales nacionales como son el C\u00e1rtel Jalisco y Sonora, se perfila una intensificaci\u00f3n de la disputa entre estas organizaciones en varios puntos del territorio.&nbsp;<\/p>\n\n\n\n<p>Guerrero Guti\u00e9rrez apunt\u00f3: \u201calertamos sobre la expansi\u00f3n criminal del c\u00e1rtel Jalisco en la frontera de Veracruz, tanto en la regi\u00f3n del Istmo que busca controlar los mercados de extorsi\u00f3n y de rutas terrestres del corredor interoce\u00e1nico\u201d.&nbsp;<\/p>\n\n\n\n<p>Agreg\u00f3: \u201cAdvertimos de que las disputas territoriales agrarias y comunitarias en m\u00faltiples municipios escalen su nivel de violencia dado el aumento de la presencia de grupos armados criminales en regiones hasta ahora pac\u00edficas e igualmente, estos grupos armados incrementar\u00e1n el n\u00famero de ataques contra funcionarios p\u00fablicos y liderazgos de organizaciones comunitarias para procurar su cooptaci\u00f3n\u201d.<\/p>\n\n\n\n<p>Puntualiz\u00f3 que&nbsp;Oaxaca se encuentra entre las primeras cuatro entidades con la mayor cantidad de personas desplazadas por la crisis de seguridad.&nbsp;<\/p>\n\n\n\n<p>Adem\u00e1s prev\u00e9 incrementos probables de conflictos migratorios ligados a las obras del tren que conectar\u00e1n con Chiapas, situaci\u00f3n que se agravar\u00e1 en el primer semestre del pr\u00f3ximo a\u00f1o.<\/p>\n\n\n\n<p>Agreg\u00f3 que Oaxaca debe mantenerse muy pendiente de lo que ocurre en Chiapas con temas de inseguridad y violencia, pues esa epidemia puede alcanzar a nuestra entidad por su cercan\u00eda.<\/p>\n\n\n\n<p>El especialista estuvo en Oaxaca a invitaci\u00f3n del doctor Mart\u00edn V\u00e1squez Villanueva y la conferencia que imparti\u00f3 fue moderada por el historiador Carlos Tello.<\/p>\n","protected":false},"excerpt":{"rendered":"<p>Yuridiana Sosa\/Zona Roja. Parte III\/IV Oaxaca de Ju\u00e1rez, Oax., a 11 de diciembre de 2023.-&hellip;<\/p>\n","protected":false},"author":2,"featured_media":63037,"comment_status":"closed","ping_status":"open","sticky":false,"template":"","format":"standard","meta":{"_lmt_disableupdate":"","_lmt_disable":"","_jetpack_memberships_contains_paid_content":false,"footnotes":""},"categories":[109,46],"tags":[3751,1582],"class_list":["post-63089","post","type-post","status-publish","format-standard","has-post-thumbnail","hentry","category-minuto-a-minuto","category-zona-blanca","tag-eduardo-guerrero-gutierrez","tag-martin-vasquez-villanueva"],"jetpack_featured_media_url":"https:\/\/zonaroja.com.mx\/wp-content\/uploads\/2023\/12\/Martin-Vasquez-Eduardo-Guerrero-Carlos-Tello.jpg","jetpack_sharing_enabled":true,"_links":{"self":[{"href":"https:\/\/zonaroja.com.mx\/index.php?rest_route=\/wp\/v2\/posts\/63089","targetHints":{"allow":["GET"]}}],"collection":[{"href":"https:\/\/zonaroja.com.mx\/index.php?rest_route=\/wp\/v2\/posts"}],"about":[{"href":"https:\/\/zonaroja.com.mx\/index.php?rest_route=\/wp\/v2\/types\/post"}],"author":[{"embeddable":true,"href":"https:\/\/zonaroja.com.mx\/index.php?rest_route=\/wp\/v2\/users\/2"}],"replies":[{"embeddable":true,"href":"https:\/\/zonaroja.com.mx\/index.php?rest_route=%2Fwp%2Fv2%2Fcomments&post=63089"}],"version-history":[{"count":1,"href":"https:\/\/zonaroja.com.mx\/index.php?rest_route=\/wp\/v2\/posts\/63089\/revisions"}],"predecessor-version":[{"id":63090,"href":"https:\/\/zonaroja.com.mx\/index.php?rest_route=\/wp\/v2\/posts\/63089\/revisions\/63090"}],"wp:featuredmedia":[{"embeddable":true,"href":"https:\/\/zonaroja.com.mx\/index.php?rest_route=\/wp\/v2\/media\/63037"}],"wp:attachment":[{"href":"https:\/\/zonaroja.com.mx\/index.php?rest_route=%2Fwp%2Fv2%2Fmedia&parent=63089"}],"wp:term":[{"taxonomy":"category","embeddable":true,"href":"https:\/\/zonaroja.com.mx\/index.php?rest_route=%2Fwp%2Fv2%2Fcategories&post=63089"},{"taxonomy":"post_tag","embeddable":true,"href":"https:\/\/zonaroja.com.mx\/index.php?rest_route=%2Fwp%2Fv2%2Ftags&post=63089"}],"curies":[{"name":"wp","href":"https:\/\/api.w.org\/{rel}","templated":true}]}}