{"id":6309,"date":"2019-12-03T14:03:03","date_gmt":"2019-12-03T20:03:03","guid":{"rendered":"https:\/\/www.zonaroja.com.mx\/?p=6309"},"modified":"2019-12-03T14:32:42","modified_gmt":"2019-12-03T20:32:42","slug":"exige-uabjo-al-congreso-local-presupuesto-justo-y-equitativo","status":"publish","type":"post","link":"https:\/\/zonaroja.com.mx\/?p=6309","title":{"rendered":"Exige UABJO al Congreso local presupuesto justo y equitativo"},"content":{"rendered":"\n<p class=\"p1\">Redacci\u00f3n\/Zona Roja.<\/p>\n\n\n\n<p class=\"p2\">San Raymundo Jalpan, Oax., 3 de diciembre de 2019.-&nbsp;<a href=\"\/\/0\">E<\/a>l rector de la Universidad Aut\u00f3noma \u201cBenito Ju\u00e1rez\u201d de Oaxaca, Eduardo Bautista Mart\u00ednez, acompa\u00f1ado por personal administrativo y docente, as\u00ed como estudiantes, acudieron al Congreso local para exigir la asignaci\u00f3n de un presupuesto justo y equitativo para la instituci\u00f3n.&nbsp;<\/p>\n\n\n\n<p class=\"p1\">\u201cVenimos por un presupuesto justo, por un presupuesto equitativo, digno y responsable\u201d dijo previo a su ingreso al recinto legilslativo en donde dio a conocer que buscan que el recurso tenga un incremento del 45 por ciento, con la intenci\u00f3n de alcanzar la media nacional de inversi\u00f3n por estudiante.<\/p>\n\n\n\n<p class=\"p1\">Bautista Mart\u00ednez explic\u00f3 que no aspiran a recibir recursos similares a otras universidad que triplican lo que recibe la UABJO, sino que \u00fanicamente buscan que Oaxaca reciba lo justo, lo cual seria traducido en 400 millones de pesos extras para alcanzar la media nacional.&nbsp;<\/p>\n\n\n\n<p class=\"p1\">\u201cComo medida de justicia queremos llegar a la media nacional, actualmente nuestra universidad recibe 40 mil pesos por estudiantes cuando el promedio en el pa\u00eds es de 60 mil pesos\u201d, sentenci\u00f3. <\/p>\n\n\n\n<p class=\"p2\">El rector de la universidad oaxaque\u00f1a record\u00f3 que es urgente la atenci\u00f3n de los espacios educativos da\u00f1ados por los sismos del 2017, los cuales se mantienen en malas condiciones en perjuicio de las y los estudiantes.<\/p>\n\n\n\n<p class=\"p1\">Lo anterior dijo debe ser contemplado en la asignaci\u00f3n de presupuesto para el pr\u00f3ximo a\u00f1o ya que la atenci\u00f3n de esta problem\u00e1tica permitir\u00e1 garantizar el derecho a la educaci\u00f3n y seguridad de la comunidad universitaria.&nbsp;<\/p>\n\n\n\n<p class=\"p1\">Con respecto a las observaciones realizadas por el \u00d3rgano Superior Fiscalizador del Estado de Oaxaca, Bautista Martinez asegur\u00f3 que han sido atendidas y se han puesto al corriente en lo que respecta al ejercicio del presupuesto p\u00fablico 2018, negando que exista alg\u00fan tipo de irregularidad.<\/p>\n\n\n\n<p class=\"p1\">Finalmente record\u00f3 que la historia de Oaxaca no se puede escribir sin la historia de su universidad, por lo que no se puede aceptar la descalificaci\u00f3n y desd\u00e9n que se hace de esta noble instituci\u00f3n que no puede reducirse a sus conflictos internos y por el contrario debe ser vista como lo que es, un semillero de grandes profesionistas en la entidad.<\/p>\n\n\n\n<p class=\"p1\">Fue el diputado y presidente de la Junta de Coordinaci\u00f3n Pol\u00edtica, Horacio Sosa Villavicencio, quien recibi\u00f3 a la comunidad universitaria en el recinto y celebr\u00f3 su presencia ya que dijo es necesario que la Comisi\u00f3n de Presupuesto escuche las necesidades de la m\u00e1xima casa de estudios para ser tomadas en cuenta.<\/p>\n\n\n\n<p class=\"p1\">\u201cHacemos votos porque esta reuni\u00f3n de trabajo sea de mucho provecho a beneficio de la comunidad universitaria\u201d enunci\u00f3 el legislador.&nbsp;<\/p>\n\n\n\n<p class=\"p2\">Mientras que el funcionariado de la universidad p\u00fablica m\u00e1s importante de la entidad coincidi\u00f3 en que la UABJO representa la \u00fanica oportunidad de estudio para un importante n\u00famero de j\u00f3venes por lo que es indispensable no solo escuchar las demandas sino realizar las diferentes acciones que les permita darles puntual atenci\u00f3n. &nbsp; &nbsp;<br class=\"Apple-interchange-newline\" \/><\/p>\n","protected":false},"excerpt":{"rendered":"<p>Redacci\u00f3n\/Zona Roja. San Raymundo Jalpan, Oax., 3 de diciembre de 2019.-&nbsp;El rector de la Universidad&hellip;<\/p>\n","protected":false},"author":2,"featured_media":6308,"comment_status":"closed","ping_status":"open","sticky":false,"template":"","format":"standard","meta":{"_lmt_disableupdate":"","_lmt_disable":"","_jetpack_memberships_contains_paid_content":false,"footnotes":""},"categories":[109,47],"tags":[360,282],"class_list":["post-6309","post","type-post","status-publish","format-standard","has-post-thumbnail","hentry","category-minuto-a-minuto","category-zona-gris","tag-rector-eduardo-bautista-martinez","tag-universidad-autonoma-benito-juarez-de-oaxaca"],"jetpack_featured_media_url":"https:\/\/zonaroja.com.mx\/wp-content\/uploads\/2019\/12\/1eb8e187-6ff4-4970-a982-7aa884c14e49.jpg","jetpack_sharing_enabled":true,"_links":{"self":[{"href":"https:\/\/zonaroja.com.mx\/index.php?rest_route=\/wp\/v2\/posts\/6309","targetHints":{"allow":["GET"]}}],"collection":[{"href":"https:\/\/zonaroja.com.mx\/index.php?rest_route=\/wp\/v2\/posts"}],"about":[{"href":"https:\/\/zonaroja.com.mx\/index.php?rest_route=\/wp\/v2\/types\/post"}],"author":[{"embeddable":true,"href":"https:\/\/zonaroja.com.mx\/index.php?rest_route=\/wp\/v2\/users\/2"}],"replies":[{"embeddable":true,"href":"https:\/\/zonaroja.com.mx\/index.php?rest_route=%2Fwp%2Fv2%2Fcomments&post=6309"}],"version-history":[{"count":2,"href":"https:\/\/zonaroja.com.mx\/index.php?rest_route=\/wp\/v2\/posts\/6309\/revisions"}],"predecessor-version":[{"id":6311,"href":"https:\/\/zonaroja.com.mx\/index.php?rest_route=\/wp\/v2\/posts\/6309\/revisions\/6311"}],"wp:featuredmedia":[{"embeddable":true,"href":"https:\/\/zonaroja.com.mx\/index.php?rest_route=\/wp\/v2\/media\/6308"}],"wp:attachment":[{"href":"https:\/\/zonaroja.com.mx\/index.php?rest_route=%2Fwp%2Fv2%2Fmedia&parent=6309"}],"wp:term":[{"taxonomy":"category","embeddable":true,"href":"https:\/\/zonaroja.com.mx\/index.php?rest_route=%2Fwp%2Fv2%2Fcategories&post=6309"},{"taxonomy":"post_tag","embeddable":true,"href":"https:\/\/zonaroja.com.mx\/index.php?rest_route=%2Fwp%2Fv2%2Ftags&post=6309"}],"curies":[{"name":"wp","href":"https:\/\/api.w.org\/{rel}","templated":true}]}}