{"id":63091,"date":"2023-12-11T14:49:00","date_gmt":"2023-12-11T20:49:00","guid":{"rendered":"http:\/\/www.zonaroja.com.mx\/?p=63091"},"modified":"2023-12-11T07:51:17","modified_gmt":"2023-12-11T13:51:17","slug":"juez-prohibe-separacion-de-familias-migrantes-en-la-frontera-de-eu","status":"publish","type":"post","link":"https:\/\/zonaroja.com.mx\/?p=63091","title":{"rendered":"Juez proh\u00edbe separaci\u00f3n de familias migrantes en la frontera de EU"},"content":{"rendered":"\n<p>Redacci\u00f3n\/Zona Roja Cdmx.<\/p>\n\n\n\n<p>Ciudad de M\u00e9xico, a 11 de diciembre de 2023.- Un juez federal prohibi\u00f3 la separaci\u00f3n de familias de migrantes en la frontera de Estados Unidos con fines disuasorios durante ocho a\u00f1os, bloqueando preventivamente el restablecimiento de una pol\u00edtica implementada durante la presidencia de Donald Trump que el exmandatario no ha descartado si regresa a la Casa Blanca el pr\u00f3ximo a\u00f1o.<\/p>\n\n\n\n<p>La separaci\u00f3n de miles de familias \u201crepresenta uno de los cap\u00edtulos m\u00e1s vergonzosos en la historia de nuestro pa\u00eds\u201d, dijo el juez Dana Sabraw momentos antes de aprobar un acuerdo entre el Departamento de Justicia y las familias de migrantes representadas por la Uni\u00f3n Americana de Libertades Civiles (ACLU por sus siglas en ingl\u00e9s) que puso fin al proceso iniciado hace casi siete a\u00f1os.<\/p>\n\n\n\n<p>Sabraw, que fue designado por el expresidente George W. Bush, orden\u00f3 el fin de las separaciones de familias en junio de 2018, seis d\u00edas despu\u00e9s de que el entonces presidente Trump las suspendiera por su cuenta en medio de una intensa desaprobaci\u00f3n internacional.<\/p>\n\n\n\n<p>El juez tambi\u00e9n orden\u00f3 que el gobierno reuniera a los ni\u00f1os con sus padres en un plazo de 30 d\u00edas, lo que desencaden\u00f3 un ajetreo porque las bases de datos del gobierno no estaban vinculadas. Los ni\u00f1os hab\u00edan sido enviados a refugios de todo el pa\u00eds que no sab\u00edan qui\u00e9nes eran sus padres o c\u00f3mo encontrarlos.<\/p>\n\n\n\n<p>Mientras recordaba y felicitaba a los abogados de ambas partes, el juez relat\u00f3 la sensaci\u00f3n de horror por las acusaciones iniciales y c\u00f3mo las revelaciones posteriores lo dejaron cada vez m\u00e1s consternado por c\u00f3mo se implement\u00f3 la pol\u00edtica en 2017 y 2018. Ley\u00f3 de una orden anterior en la que se\u00f1al\u00f3 que la pr\u00e1ctica era \u201cbrutal, ofensiva y no cumple con las nociones tradicionales de juego limpio y decencia\u201d.<\/p>\n\n\n\n<p>Sabraw hizo referencia a otro documento judicial de 2018 que describ\u00eda c\u00f3mo muchos padres fueron deportados sin saber en d\u00f3nde estaban sus hijos. \u201cSimplemente cruel\u201d, manifest\u00f3.<\/p>\n\n\n\n<p>El gobierno y los voluntarios a\u00fan no han localizado a 68 ni\u00f1os que fueron separados bajo esta pol\u00edtica para determinar si est\u00e1n a salvo y reunidos con sus familiares o seres queridos, seg\u00fan la ACLU. Sabraw se\u00f1al\u00f3 que su \u201cmayor temor y preocupaci\u00f3n\u201d eran esos ni\u00f1os en paradero desconocido.<\/p>\n\n\n\n<p>\u201cTOLERANCIA CERO\u201d<\/p>\n\n\n\n<p>En virtud del acuerdo, pol\u00edticas similares a la de \u201ctolerancia cero\u201d, bajo la cual el gobierno de Trump separ\u00f3 a m\u00e1s de 5 mil ni\u00f1os de sus padres que fueron arrestados por ingresar ilegalmente en el pa\u00eds, estar\u00edan prohibidas hasta diciembre de 2031.<\/p>\n\n\n\n<p>Los ni\u00f1os a\u00fan podr\u00edan ser separados de sus padres, pero bajo circunstancias limitadas, como ha sucedido desde hace a\u00f1os. Entre esas circunstancias est\u00e1 si se cree que el ni\u00f1o es v\u00edctima de abusos, si el padre est\u00e1 condenado por delitos graves o si existen dudas de que el adulto sea el padre del menor.<\/p>\n\n\n\n<p>Las familias que fueron separadas podr\u00edan recibir otros beneficios, como: estatus migratorio regularizado durante un m\u00e1ximo de tres a\u00f1os con permisos condicionales humanitarios, la reunificaci\u00f3n en Estados Unidos a expensas del gobierno, un a\u00f1o de alojamiento, tres a\u00f1os de orientaci\u00f3n familiar y ayuda jur\u00eddica en los tribunales de migraci\u00f3n. Pero el acuerdo no da dinero a las familias. En 2021, el gobierno del actual presidente Joe Biden sopes\u00f3 compensar a los padres e hijos con cientos de miles de d\u00f3lares cada uno, pero las negociaciones se estancaron.<\/p>\n\n\n\n<p>(Informaci\u00f3n de la agencia AP en \u201cEl Financiero\u201d)<\/p>\n","protected":false},"excerpt":{"rendered":"<p>Redacci\u00f3n\/Zona Roja Cdmx. Ciudad de M\u00e9xico, a 11 de diciembre de 2023.- Un juez federal&hellip;<\/p>\n","protected":false},"author":2,"featured_media":54995,"comment_status":"closed","ping_status":"open","sticky":false,"template":"","format":"standard","meta":{"_lmt_disableupdate":"","_lmt_disable":"","_jetpack_memberships_contains_paid_content":false,"footnotes":""},"categories":[109,47],"tags":[207],"class_list":["post-63091","post","type-post","status-publish","format-standard","has-post-thumbnail","hentry","category-minuto-a-minuto","category-zona-gris","tag-migrantes-centroamericanos"],"jetpack_featured_media_url":"https:\/\/zonaroja.com.mx\/wp-content\/uploads\/2023\/05\/Migrantes-mexicanos-frontera-Estados-Unidos.webp","jetpack_sharing_enabled":true,"_links":{"self":[{"href":"https:\/\/zonaroja.com.mx\/index.php?rest_route=\/wp\/v2\/posts\/63091","targetHints":{"allow":["GET"]}}],"collection":[{"href":"https:\/\/zonaroja.com.mx\/index.php?rest_route=\/wp\/v2\/posts"}],"about":[{"href":"https:\/\/zonaroja.com.mx\/index.php?rest_route=\/wp\/v2\/types\/post"}],"author":[{"embeddable":true,"href":"https:\/\/zonaroja.com.mx\/index.php?rest_route=\/wp\/v2\/users\/2"}],"replies":[{"embeddable":true,"href":"https:\/\/zonaroja.com.mx\/index.php?rest_route=%2Fwp%2Fv2%2Fcomments&post=63091"}],"version-history":[{"count":1,"href":"https:\/\/zonaroja.com.mx\/index.php?rest_route=\/wp\/v2\/posts\/63091\/revisions"}],"predecessor-version":[{"id":63092,"href":"https:\/\/zonaroja.com.mx\/index.php?rest_route=\/wp\/v2\/posts\/63091\/revisions\/63092"}],"wp:featuredmedia":[{"embeddable":true,"href":"https:\/\/zonaroja.com.mx\/index.php?rest_route=\/wp\/v2\/media\/54995"}],"wp:attachment":[{"href":"https:\/\/zonaroja.com.mx\/index.php?rest_route=%2Fwp%2Fv2%2Fmedia&parent=63091"}],"wp:term":[{"taxonomy":"category","embeddable":true,"href":"https:\/\/zonaroja.com.mx\/index.php?rest_route=%2Fwp%2Fv2%2Fcategories&post=63091"},{"taxonomy":"post_tag","embeddable":true,"href":"https:\/\/zonaroja.com.mx\/index.php?rest_route=%2Fwp%2Fv2%2Ftags&post=63091"}],"curies":[{"name":"wp","href":"https:\/\/api.w.org\/{rel}","templated":true}]}}