{"id":63093,"date":"2023-12-11T08:19:44","date_gmt":"2023-12-11T14:19:44","guid":{"rendered":"http:\/\/www.zonaroja.com.mx\/?p=63093"},"modified":"2023-12-11T08:19:46","modified_gmt":"2023-12-11T14:19:46","slug":"otra-vez-salina-cruz-ataque-armado-deja-un-herido","status":"publish","type":"post","link":"https:\/\/zonaroja.com.mx\/?p=63093","title":{"rendered":"Otra vez Salina Cruz: ataque armado deja un herido"},"content":{"rendered":"\n<p>Redacci\u00f3n\/Zona Roja.<\/p>\n\n\n\n<p>Oaxaca de Ju\u00e1rez, Oax., a 11 de diciembre de 2023.- Una persona herida de gravedad es el saldo de un ataque armado registrado la noche del martes en el municipio de Salina Cruz, Oaxaca.<\/p>\n\n\n\n<p>Los hechos de violencia contin\u00faan en esa ciudad y puerto, mientras el presidente municipal Daniel M\u00e9ndez Sosa, surgido de Morena, contin\u00faa sus actividades proselitistas para repetir en el cargo.<\/p>\n\n\n\n<p>La agresi\u00f3n ocurri\u00f3 alrededor de las 19:00 horas en la avenida Hidalgo de la colonia 5 de Febrero, por parte de sujetos armados que de inmediato huyeron de la zona, al considerar que hab\u00edan asesinado a su v\u00edctima.<\/p>\n\n\n\n<p>Sin embargo, el hombre, identificado de manera preliminar como \u00c9dgar T. D., fue trasladado por sus familiares a un hospital, antes de que llegaran los polic\u00edas y param\u00e9dicos.<\/p>\n\n\n\n<p>Su estado de salud se reporta grave y hasta el momento, pese a supuestos operativos, no hay personas detenidas.<\/p>\n\n\n\n<p>Presuntamente el lesionado es hermano de un dirigente sindical del ayuntamiento de Salina Cruz, seg\u00fan publicaron medios informativos de la regi\u00f3n.<\/p>\n","protected":false},"excerpt":{"rendered":"<p>Redacci\u00f3n\/Zona Roja. Oaxaca de Ju\u00e1rez, Oax., a 11 de diciembre de 2023.- Una persona herida&hellip;<\/p>\n","protected":false},"author":2,"featured_media":40047,"comment_status":"closed","ping_status":"open","sticky":false,"template":"","format":"standard","meta":{"_lmt_disableupdate":"","_lmt_disable":"","_jetpack_memberships_contains_paid_content":false,"footnotes":""},"categories":[109,47],"tags":[168],"class_list":["post-63093","post","type-post","status-publish","format-standard","has-post-thumbnail","hentry","category-minuto-a-minuto","category-zona-gris","tag-salina-cruz"],"jetpack_featured_media_url":"https:\/\/zonaroja.com.mx\/wp-content\/uploads\/2022\/04\/Asesinato-crimen-violencia-escena-patrulla.jpg","jetpack_sharing_enabled":true,"_links":{"self":[{"href":"https:\/\/zonaroja.com.mx\/index.php?rest_route=\/wp\/v2\/posts\/63093","targetHints":{"allow":["GET"]}}],"collection":[{"href":"https:\/\/zonaroja.com.mx\/index.php?rest_route=\/wp\/v2\/posts"}],"about":[{"href":"https:\/\/zonaroja.com.mx\/index.php?rest_route=\/wp\/v2\/types\/post"}],"author":[{"embeddable":true,"href":"https:\/\/zonaroja.com.mx\/index.php?rest_route=\/wp\/v2\/users\/2"}],"replies":[{"embeddable":true,"href":"https:\/\/zonaroja.com.mx\/index.php?rest_route=%2Fwp%2Fv2%2Fcomments&post=63093"}],"version-history":[{"count":1,"href":"https:\/\/zonaroja.com.mx\/index.php?rest_route=\/wp\/v2\/posts\/63093\/revisions"}],"predecessor-version":[{"id":63094,"href":"https:\/\/zonaroja.com.mx\/index.php?rest_route=\/wp\/v2\/posts\/63093\/revisions\/63094"}],"wp:featuredmedia":[{"embeddable":true,"href":"https:\/\/zonaroja.com.mx\/index.php?rest_route=\/wp\/v2\/media\/40047"}],"wp:attachment":[{"href":"https:\/\/zonaroja.com.mx\/index.php?rest_route=%2Fwp%2Fv2%2Fmedia&parent=63093"}],"wp:term":[{"taxonomy":"category","embeddable":true,"href":"https:\/\/zonaroja.com.mx\/index.php?rest_route=%2Fwp%2Fv2%2Fcategories&post=63093"},{"taxonomy":"post_tag","embeddable":true,"href":"https:\/\/zonaroja.com.mx\/index.php?rest_route=%2Fwp%2Fv2%2Ftags&post=63093"}],"curies":[{"name":"wp","href":"https:\/\/api.w.org\/{rel}","templated":true}]}}