{"id":63096,"date":"2023-12-11T13:29:04","date_gmt":"2023-12-11T19:29:04","guid":{"rendered":"http:\/\/www.zonaroja.com.mx\/?p=63096"},"modified":"2023-12-11T13:29:05","modified_gmt":"2023-12-11T19:29:05","slug":"concluyen-92-abogados-estudios-de-especializacion-del-poder-judicial","status":"publish","type":"post","link":"https:\/\/zonaroja.com.mx\/?p=63096","title":{"rendered":"Concluyen 92 abogados Estudios de Especializaci\u00f3n del Poder Judicial"},"content":{"rendered":"\n<p>Redacci\u00f3n\/Zona Roja.&nbsp;<\/p>\n\n\n\n<p>Oaxaca de Ju\u00e1rez, Oax., a 11 de diciembre de 2023.- El titular del Poder Judicial del Estado, magistrado Eduardo Pinacho S\u00e1nchez, clausur\u00f3 el ciclo acad\u00e9mico 2023 de los Estudios de Especializaci\u00f3n Judicial, que finalizaron un total de 92 abogadas y abogados en las materias de Derecho Civil y Mercantil; Derecho Familiar; Derecho Penal Sustantivo; Sistema Acusatorio Penal y Derechos Humanos.<\/p>\n\n\n\n<p>Acompa\u00f1ado por el magistrado decano del Tribunal Superior de Justicia, Crescencio Mart\u00ednez Geminiano; del presidente de la Comisi\u00f3n de Carrera Judicial del Consejo de la Judicatura, Francisco Jos\u00e9 Espinosa Santib\u00e1\u00f1ez y del director de la Escuela Judicial, H\u00e9ctor Humberto V\u00e1squez Quevedo, entreg\u00f3 reconocimientos a quienes conformaron la vig\u00e9sima quinta generaci\u00f3n de egresados y al claustro docente.<\/p>\n\n\n\n<p>En su mensaje, el Magistrado Presidente se\u00f1al\u00f3 que formar, especializar y profesionalizar a quienes desempe\u00f1an la noble e importante responsabilidad de impartir justicia, ha sido uno de los principales prop\u00f3sitos de su administraci\u00f3n, que tambi\u00e9n abri\u00f3 las puertas a los sectores de la sociedad para que se sumaran a estas actividades.<\/p>\n\n\n\n<p>\u201cEl acceso a la justicia no solo se contempla con un sistema normativo previsto en los m\u00e1s altos preceptos de nuestro sistema jur\u00eddico, implica tambi\u00e9n la existencia de tribunales; pero m\u00e1s all\u00e1 de estos elementos, supone la existencia y disposici\u00f3n de personas que los hagan efectivos: los operadores jur\u00eddicos, preparados, capacitados, honestos, eficientes, con un compromiso social y consientes de la gran responsabilidad que tienen\u201d, enfatiz\u00f3.<\/p>\n\n\n\n<p>Durante la emotiva ceremonia, efectuada en el auditorio del Tribunal Superior de Justicia, el magistrado Pinacho S\u00e1nchez felicit\u00f3 tambi\u00e9n al claustro docente, que se encuentra integrado por magistradas, magistrados, jueces, juezas y personal de reconocida trayectoria que aporta sus conocimientos en la construcci\u00f3n de un sistema de justicia cada vez eficiente.<\/p>\n\n\n\n<p>A nombre de las y los egresados, la abogada Dolores Guadalupe Gonz\u00e1lez L\u00f3pez entreg\u00f3 un reconocimiento al titular del Poder Judicial y se\u00f1al\u00f3 que con mayores conocimientos y preparaci\u00f3n acad\u00e9mica se alcanza la calidad de excelencia en el servicio, lo que redunda en la credibilidad y confianza que tenga la sociedad en las instituciones.<\/p>\n\n\n\n<p>Los Estudios de Especializaci\u00f3n Judicial se realizan cada a\u00f1o y se imparten a trav\u00e9s de la Escuela Judicial principalmente al personal de la instituci\u00f3n y servidores p\u00fablicos con el perfil de licenciados en derecho.<\/p>\n","protected":false},"excerpt":{"rendered":"<p>Redacci\u00f3n\/Zona Roja.&nbsp; Oaxaca de Ju\u00e1rez, Oax., a 11 de diciembre de 2023.- El titular del&hellip;<\/p>\n","protected":false},"author":2,"featured_media":63095,"comment_status":"closed","ping_status":"open","sticky":false,"template":"","format":"standard","meta":{"_lmt_disableupdate":"","_lmt_disable":"","_jetpack_memberships_contains_paid_content":false,"footnotes":""},"categories":[109,47],"tags":[],"class_list":["post-63096","post","type-post","status-publish","format-standard","has-post-thumbnail","hentry","category-minuto-a-minuto","category-zona-gris"],"jetpack_featured_media_url":"https:\/\/zonaroja.com.mx\/wp-content\/uploads\/2023\/12\/eb933db0-a060-4316-aa9c-4261e688c477-1.jpg","jetpack_sharing_enabled":true,"_links":{"self":[{"href":"https:\/\/zonaroja.com.mx\/index.php?rest_route=\/wp\/v2\/posts\/63096","targetHints":{"allow":["GET"]}}],"collection":[{"href":"https:\/\/zonaroja.com.mx\/index.php?rest_route=\/wp\/v2\/posts"}],"about":[{"href":"https:\/\/zonaroja.com.mx\/index.php?rest_route=\/wp\/v2\/types\/post"}],"author":[{"embeddable":true,"href":"https:\/\/zonaroja.com.mx\/index.php?rest_route=\/wp\/v2\/users\/2"}],"replies":[{"embeddable":true,"href":"https:\/\/zonaroja.com.mx\/index.php?rest_route=%2Fwp%2Fv2%2Fcomments&post=63096"}],"version-history":[{"count":1,"href":"https:\/\/zonaroja.com.mx\/index.php?rest_route=\/wp\/v2\/posts\/63096\/revisions"}],"predecessor-version":[{"id":63097,"href":"https:\/\/zonaroja.com.mx\/index.php?rest_route=\/wp\/v2\/posts\/63096\/revisions\/63097"}],"wp:featuredmedia":[{"embeddable":true,"href":"https:\/\/zonaroja.com.mx\/index.php?rest_route=\/wp\/v2\/media\/63095"}],"wp:attachment":[{"href":"https:\/\/zonaroja.com.mx\/index.php?rest_route=%2Fwp%2Fv2%2Fmedia&parent=63096"}],"wp:term":[{"taxonomy":"category","embeddable":true,"href":"https:\/\/zonaroja.com.mx\/index.php?rest_route=%2Fwp%2Fv2%2Fcategories&post=63096"},{"taxonomy":"post_tag","embeddable":true,"href":"https:\/\/zonaroja.com.mx\/index.php?rest_route=%2Fwp%2Fv2%2Ftags&post=63096"}],"curies":[{"name":"wp","href":"https:\/\/api.w.org\/{rel}","templated":true}]}}