{"id":63101,"date":"2023-12-11T19:16:17","date_gmt":"2023-12-12T01:16:17","guid":{"rendered":"http:\/\/www.zonaroja.com.mx\/?p=63101"},"modified":"2023-12-11T19:16:18","modified_gmt":"2023-12-12T01:16:18","slug":"otro-caotico-inicio-de-semana-en-oaxaca-con-multiples-protestas","status":"publish","type":"post","link":"https:\/\/zonaroja.com.mx\/?p=63101","title":{"rendered":"Otro ca\u00f3tico inicio de semana en Oaxaca, con m\u00faltiples protestas"},"content":{"rendered":"\n<p>Yuridiana Sosa\/Zona Roja.<\/p>\n\n\n\n<p>Oaxaca de Ju\u00e1rez, Oax., a 11 de diciembre de 2023.- Una vez m\u00e1s, bloqueos y protestas abrieron la semana laboral en Oaxaca, desde la Secci\u00f3n 22 del SNTE que no da tregua por desatenciones del IEEPO, hasta la manifestaci\u00f3n de organizaciones nacientes.<\/p>\n\n\n\n<p>Un grupo de la Secci\u00f3n 22 del Sindicato Nacional de Trabajadores de la Educaci\u00f3n (SNTE) bloque\u00f3 por m\u00e1s de cinco horas la calzada H\u00e9roes de Chapultepec de la ciudad de Oaxaca, en inmediaciones de la terminal de ADO.<\/p>\n\n\n\n<p>Los docentes se manifestaron para exigir el reconocimiento de la Direcci\u00f3n General de Educaci\u00f3n de los Pueblos Originarios de&nbsp;Oaxaca (DGEPOO) y por incumplimiento de acuerdos del IEEPO a cargo de Emilio Montero.<\/p>\n\n\n\n<p>La dirigencia, a cargo de Jenny Aracely L\u00f3pez, se reserv\u00f3 un posicionamiento; mientras que la l\u00edder se traslad\u00f3 a la sede del magisterio, en la capital, en camioneta de lujo.<\/p>\n\n\n\n<p>Para bloquear los docentes \u201ctomaron\u201d un cami\u00f3n de ADO y uno veh\u00edculo de la Comisi\u00f3n Federal de Electricidad que transportaba postes, as\u00ed como ocuparon unidades particulares; el hecho caus\u00f3 una afectaci\u00f3n importante.<\/p>\n\n\n\n<p>EN EL Z\u00d3CALO<\/p>\n\n\n\n<p>Decenas de organizaciones, adheridas en diferentes grupos, se manifestaron este lunes en el z\u00f3calo y en corredor de Palacio de Gobierno para exigir al gobierno de Oaxaca atenci\u00f3n y soluci\u00f3n a sus demandas.<\/p>\n\n\n\n<p>Entre ellas se encontraron el Movimiento Democr\u00e1tico Popular y la Coalici\u00f3n de Organizaciones Plurales en Alianza (Copal), mientras que esta ma\u00f1ana se present\u00f3 el surgimiento de Movimiento Oaxaque\u00f1o de Izquierda Democr\u00e1tica, la cual asesora el diodorista Gerardo Garfias Ruiz.<\/p>\n\n\n\n<p>La nueva organizaci\u00f3n demand\u00f3 la instalaci\u00f3n de una mesa de di\u00e1logo con el gobierno del estado para presentar las demandas de las comunidades que agrupan, en las diferentes regiones del estado.<\/p>\n\n\n\n<p>SEGUNDO D\u00cdA<\/p>\n\n\n\n<p>En tanto, por segundo d\u00eda consecutivo, integrantes del Consejo Ind\u00edgena Popular de Oaxaca (CIPO) protestaron en la capital con un bloqueo de la calle Derechos Humanos.<\/p>\n\n\n\n<p>Demandan el retorno de su dirigente Ra\u00fal Gatica, exiliado en Canad\u00e1, as\u00ed como atenci\u00f3n a diversas demandas sociales.<\/p>\n\n\n\n<p>Mientras que en Miahuatl\u00e1n de Porfirio D\u00edaz, municipio de la regi\u00f3n Sierra Sur, habitantes cerraron calles, para exigir la dotaci\u00f3n de servicios b\u00e1sicos.<\/p>\n","protected":false},"excerpt":{"rendered":"<p>Yuridiana Sosa\/Zona Roja. Oaxaca de Ju\u00e1rez, Oax., a 11 de diciembre de 2023.- Una vez&hellip;<\/p>\n","protected":false},"author":2,"featured_media":63104,"comment_status":"closed","ping_status":"open","sticky":false,"template":"","format":"standard","meta":{"_lmt_disableupdate":"","_lmt_disable":"","_jetpack_memberships_contains_paid_content":false,"footnotes":""},"categories":[109,47],"tags":[2264],"class_list":["post-63101","post","type-post","status-publish","format-standard","has-post-thumbnail","hentry","category-minuto-a-minuto","category-zona-gris","tag-bloqueos-y-protestas-oaxaca"],"jetpack_featured_media_url":"https:\/\/zonaroja.com.mx\/wp-content\/uploads\/2023\/12\/Bloqueos-y-protestas-Oaxaca-11-de-diciembre.jpg","jetpack_sharing_enabled":true,"_links":{"self":[{"href":"https:\/\/zonaroja.com.mx\/index.php?rest_route=\/wp\/v2\/posts\/63101","targetHints":{"allow":["GET"]}}],"collection":[{"href":"https:\/\/zonaroja.com.mx\/index.php?rest_route=\/wp\/v2\/posts"}],"about":[{"href":"https:\/\/zonaroja.com.mx\/index.php?rest_route=\/wp\/v2\/types\/post"}],"author":[{"embeddable":true,"href":"https:\/\/zonaroja.com.mx\/index.php?rest_route=\/wp\/v2\/users\/2"}],"replies":[{"embeddable":true,"href":"https:\/\/zonaroja.com.mx\/index.php?rest_route=%2Fwp%2Fv2%2Fcomments&post=63101"}],"version-history":[{"count":1,"href":"https:\/\/zonaroja.com.mx\/index.php?rest_route=\/wp\/v2\/posts\/63101\/revisions"}],"predecessor-version":[{"id":63105,"href":"https:\/\/zonaroja.com.mx\/index.php?rest_route=\/wp\/v2\/posts\/63101\/revisions\/63105"}],"wp:featuredmedia":[{"embeddable":true,"href":"https:\/\/zonaroja.com.mx\/index.php?rest_route=\/wp\/v2\/media\/63104"}],"wp:attachment":[{"href":"https:\/\/zonaroja.com.mx\/index.php?rest_route=%2Fwp%2Fv2%2Fmedia&parent=63101"}],"wp:term":[{"taxonomy":"category","embeddable":true,"href":"https:\/\/zonaroja.com.mx\/index.php?rest_route=%2Fwp%2Fv2%2Fcategories&post=63101"},{"taxonomy":"post_tag","embeddable":true,"href":"https:\/\/zonaroja.com.mx\/index.php?rest_route=%2Fwp%2Fv2%2Ftags&post=63101"}],"curies":[{"name":"wp","href":"https:\/\/api.w.org\/{rel}","templated":true}]}}