{"id":63106,"date":"2023-12-11T19:50:01","date_gmt":"2023-12-12T01:50:01","guid":{"rendered":"http:\/\/www.zonaroja.com.mx\/?p=63106"},"modified":"2023-12-11T19:50:03","modified_gmt":"2023-12-12T01:50:03","slug":"acusan-a-entrenador-de-futbol-femenino-de-abuso-sexual-contra-jugadoras","status":"publish","type":"post","link":"https:\/\/zonaroja.com.mx\/?p=63106","title":{"rendered":"Acusan a entrenador de f\u00fatbol femenino de abuso sexual contra jugadoras"},"content":{"rendered":"\n<p>Redacci\u00f3n\/Zona Roja Cdmx.<\/p>\n\n\n\n<p>Ciudad de M\u00e9xico, a 11 de diciembre de 2023.- El director t\u00e9cnico de f\u00fatbol femenino mexicano Jorge G\u00f3mez fue acusado de acostarse con jugadoras menores y de agresiones verbales, aprovech\u00e1ndose de su posici\u00f3n de poder en el equipo del Necaxa.<\/p>\n\n\n\n<p>Seg\u00fan dan cuenta los testimonios de cinco futbolistas an\u00f3nimas del club y la exauxiliar t\u00e9cnica Rosa Romero a la revista \u201cProceso\u201d, el acusado, de 42 a\u00f1os, invitaba a las jugadoras a su casa para fiestas y, aunque eran&nbsp;menores de edad, les ofrec\u00eda tener relaciones sexuales con \u00e9l a cambio de la titularidad.&nbsp;<\/p>\n\n\n\n<p>Si rechazaban la oferta, las v\u00edctimas eran relegadas o corridas del equipo que el t\u00e9cnico dirige desde el 15 de noviembre de 2022.<\/p>\n\n\n\n<p>A las denuncias presentadas al club, respaldadas por capturas de pantalla de mensajes, fotos y videos, tambi\u00e9n se le sumaron relatos de otras futbolistas que vivieron situaciones similares cuando G\u00f3mez era entrenador del Puebla, instituci\u00f3n que abandon\u00f3 en febrero de 2021.<\/p>\n\n\n\n<p>\u00abYo ya hab\u00eda escuchado sobre los rumores de lo que hizo en el Puebla y en la selecci\u00f3n mexicana, de acostarse con jugadoras para promoverlas como titulares\u00bb, relat\u00f3 una denunciante.&nbsp;<\/p>\n\n\n\n<p>\u00abEn una pl\u00e1tica que tuvimos de manera presencial en su oficina, en donde me pidi\u00f3 que le explicara cu\u00e1les eran mis expectativas en el club, me cont\u00f3 que anduvo con una jugadora de la selecci\u00f3n mayor cuando ella era menor y \u00e9l le doblaba la edad\u00bb, continu\u00f3.<\/p>\n\n\n\n<p>INACCI\u00d3N DE AUTORIDADES<\/p>\n\n\n\n<p>\u00abTambi\u00e9n les dec\u00eda que estaban muy bonitas. Hay jugadoras que terminaron acost\u00e1ndose con \u00e9l, menores de edad, porque les prometi\u00f3 que impulsar\u00eda su carrera. Yo s\u00e9 que hay dos menores de edad con las que se acost\u00f3. Muchas jugadoras le tienen miedo. Ya se han presentado pruebas a la directiva, fotos, audios, videos, capturas de pantalla y hasta padres de familia saben, pero los de arriba no hacen nada\u00bb, asever\u00f3.<\/p>\n\n\n\n<p>\u00abHabl\u00e1bamos entre nosotras, pero sab\u00edamos que, si se lo dec\u00edamos a alguien de la directiva, no iba a pasar nada. Alberto Clark [responsable de la direcci\u00f3n deportiva] es muy amigo suyo. Le mostramos capturas de pantallas de los mensajes que Jorge mand\u00f3 a las jugadoras para invitarlas a salir. Como es muy amigo no quer\u00edamos que le contara lo que est\u00e1bamos haciendo\u00bb, relat\u00f3 otra v\u00edctima.<\/p>\n\n\n\n<p>Asimismo, otra jugadora acus\u00f3 al entrenador de agresiones verbales. \u00abA m\u00ed nunca me dijo nada. Sin embargo, presenci\u00e9 durante los entrenamientos c\u00f3mo violent\u00f3 verbalmente a mis compa\u00f1eras. Si alguna de las jugadoras no se encontraba en el peso ideal, les dec\u00eda gordas\u00bb, denunci\u00f3.<\/p>\n\n\n\n<p>Por su parte, el club Necaxa se pronunci\u00f3 el s\u00e1bado sobre el esc\u00e1ndalo, un mes despu\u00e9s de que las primeras denuncias salieran a la luz. \u00abComo instituci\u00f3n, estamos comprometidos con la integridad y el profesionalismo en todas nuestras \u00e1reas, y cualquier acusaci\u00f3n de esta naturaleza se toma con la seriedad y la responsabilidad que merece\u00bb, comunic\u00f3 en su cuenta de X (antes Twitter).<\/p>\n\n\n\n<p>\u00abAunque hasta el momento no se ha presentado una denuncia formal, la instituci\u00f3n ha iniciado la implementaci\u00f3n de medidas preventivas de acuerdo al Protocolo en contra del Acoso y Hostigamiento Sexual y Discriminaci\u00f3n de la Liga MX\u00bb, agreg\u00f3.<\/p>\n\n\n\n<p>En tanto, G\u00f3mez neg\u00f3 las acusaciones sobre su persona. \u00abAnte estas publicaciones, niego rotundamente las acusaciones a mi persona que, al difundirse de manera exponencial en espacios de opini\u00f3n p\u00fablica, impactan mi integridad y desarrollo tanto personal como profesional\u00bb, escribi\u00f3 el 27 de noviembre en sus redes sociales.<\/p>\n\n\n\n<p>(Informaci\u00f3n de RT Actualidad)<\/p>\n","protected":false},"excerpt":{"rendered":"<p>Redacci\u00f3n\/Zona Roja Cdmx. Ciudad de M\u00e9xico, a 11 de diciembre de 2023.- El director t\u00e9cnico&hellip;<\/p>\n","protected":false},"author":2,"featured_media":63107,"comment_status":"closed","ping_status":"open","sticky":false,"template":"","format":"standard","meta":{"_lmt_disableupdate":"","_lmt_disable":"","_jetpack_memberships_contains_paid_content":false,"footnotes":""},"categories":[109,47],"tags":[3754],"class_list":["post-63106","post","type-post","status-publish","format-standard","has-post-thumbnail","hentry","category-minuto-a-minuto","category-zona-gris","tag-jorge-gomez-necaxa"],"jetpack_featured_media_url":"https:\/\/zonaroja.com.mx\/wp-content\/uploads\/2023\/12\/Entrenador-Jorge-Gomez-Necacxa.png","jetpack_sharing_enabled":true,"_links":{"self":[{"href":"https:\/\/zonaroja.com.mx\/index.php?rest_route=\/wp\/v2\/posts\/63106","targetHints":{"allow":["GET"]}}],"collection":[{"href":"https:\/\/zonaroja.com.mx\/index.php?rest_route=\/wp\/v2\/posts"}],"about":[{"href":"https:\/\/zonaroja.com.mx\/index.php?rest_route=\/wp\/v2\/types\/post"}],"author":[{"embeddable":true,"href":"https:\/\/zonaroja.com.mx\/index.php?rest_route=\/wp\/v2\/users\/2"}],"replies":[{"embeddable":true,"href":"https:\/\/zonaroja.com.mx\/index.php?rest_route=%2Fwp%2Fv2%2Fcomments&post=63106"}],"version-history":[{"count":1,"href":"https:\/\/zonaroja.com.mx\/index.php?rest_route=\/wp\/v2\/posts\/63106\/revisions"}],"predecessor-version":[{"id":63108,"href":"https:\/\/zonaroja.com.mx\/index.php?rest_route=\/wp\/v2\/posts\/63106\/revisions\/63108"}],"wp:featuredmedia":[{"embeddable":true,"href":"https:\/\/zonaroja.com.mx\/index.php?rest_route=\/wp\/v2\/media\/63107"}],"wp:attachment":[{"href":"https:\/\/zonaroja.com.mx\/index.php?rest_route=%2Fwp%2Fv2%2Fmedia&parent=63106"}],"wp:term":[{"taxonomy":"category","embeddable":true,"href":"https:\/\/zonaroja.com.mx\/index.php?rest_route=%2Fwp%2Fv2%2Fcategories&post=63106"},{"taxonomy":"post_tag","embeddable":true,"href":"https:\/\/zonaroja.com.mx\/index.php?rest_route=%2Fwp%2Fv2%2Ftags&post=63106"}],"curies":[{"name":"wp","href":"https:\/\/api.w.org\/{rel}","templated":true}]}}