{"id":63112,"date":"2023-12-11T21:10:30","date_gmt":"2023-12-12T03:10:30","guid":{"rendered":"http:\/\/www.zonaroja.com.mx\/?p=63112"},"modified":"2023-12-11T21:10:31","modified_gmt":"2023-12-12T03:10:31","slug":"por-disputa-de-tierras-matan-a-individuo-en-la-sierra-sur-de-oaxaca","status":"publish","type":"post","link":"https:\/\/zonaroja.com.mx\/?p=63112","title":{"rendered":"Por disputa de tierras, matan a individuo en la Sierra Sur de Oaxaca"},"content":{"rendered":"\n<p>Raymundo Morales\/Zona Roja.<\/p>\n\n\n\n<p>Oaxaca de Ju\u00e1rez, Oax., a 11 de diciembre de 2023.- Una pareja fue atacada a balazos a bordo de su veh\u00edculo, en la carretera federal Oaxaca-Puerto \u00c1ngel, en la Sierra Sur del estado, con saldo de una persona fallecida.<\/p>\n\n\n\n<p>Las primeras l\u00edneas de investigaci\u00f3n de la Fiscal\u00eda General del Estado apuntan hacia una disputa de un predio entre familiares y la v\u00edctima fue identificada de manera preliminar como Javier R. R., de 52 a\u00f1os de edad; la mujer sali\u00f3 ilesa.<\/p>\n\n\n\n<p>El agresi\u00f3n ocurri\u00f3 la tarde de hoy en el tramo carretero Miahuatl\u00e1n de Porfirio D\u00edaz-San Mateo R\u00edo Hondo, en inmediaciones de Santo Tom\u00e1s Tamazul\u00e1pam, donde dos sujetos a bordo de una motocicleta dispararon en contra de una camioneta marca Hyundai, con placas de circulaci\u00f3n TLP-6314.<\/p>\n\n\n\n<p>EN JUCHIT\u00c1N<\/p>\n\n\n\n<p>Por otra parte, en Juchit\u00e1n de Zaragoza ocurri\u00f3 hoy un en\u00e9simo hecho violento, con saldo de una persona lesionada por disparo de arma de fuego.<\/p>\n\n\n\n<p>La agresi\u00f3n ocurri\u00f3 en el exterior de la tienda Bodega Aurrer\u00e1, quien fue baleado por resistirse a un asalto; personal del Heroico Cuerpo de Bomberos lo atendi\u00f3 y traslad\u00f3 a un hospital.<\/p>\n\n\n\n<p>Fue identificado como Vladimir G., de 18 a\u00f1os de edad, y es originario del municipio de Santiago Niltepec.<\/p>\n\n\n\n<p>No hab\u00eda polic\u00edas en la zona comercial, por lo cual el atacante logr\u00f3 huir; supuestamente hicieron operativos de b\u00fasqueda, pero sin \u00e9xito alguno.<\/p>\n","protected":false},"excerpt":{"rendered":"<p>Raymundo Morales\/Zona Roja. Oaxaca de Ju\u00e1rez, Oax., a 11 de diciembre de 2023.- Una pareja&hellip;<\/p>\n","protected":false},"author":2,"featured_media":50335,"comment_status":"closed","ping_status":"open","sticky":false,"template":"","format":"standard","meta":{"_lmt_disableupdate":"","_lmt_disable":"","_jetpack_memberships_contains_paid_content":false,"footnotes":""},"categories":[109,51],"tags":[3755],"class_list":["post-63112","post","type-post","status-publish","format-standard","has-post-thumbnail","hentry","category-minuto-a-minuto","category-zona-roja","tag-santo-tomas-tamazulapam"],"jetpack_featured_media_url":"https:\/\/zonaroja.com.mx\/wp-content\/uploads\/2023\/01\/Balazos-violencia-casquillos-escena.jpeg","jetpack_sharing_enabled":true,"_links":{"self":[{"href":"https:\/\/zonaroja.com.mx\/index.php?rest_route=\/wp\/v2\/posts\/63112","targetHints":{"allow":["GET"]}}],"collection":[{"href":"https:\/\/zonaroja.com.mx\/index.php?rest_route=\/wp\/v2\/posts"}],"about":[{"href":"https:\/\/zonaroja.com.mx\/index.php?rest_route=\/wp\/v2\/types\/post"}],"author":[{"embeddable":true,"href":"https:\/\/zonaroja.com.mx\/index.php?rest_route=\/wp\/v2\/users\/2"}],"replies":[{"embeddable":true,"href":"https:\/\/zonaroja.com.mx\/index.php?rest_route=%2Fwp%2Fv2%2Fcomments&post=63112"}],"version-history":[{"count":1,"href":"https:\/\/zonaroja.com.mx\/index.php?rest_route=\/wp\/v2\/posts\/63112\/revisions"}],"predecessor-version":[{"id":63113,"href":"https:\/\/zonaroja.com.mx\/index.php?rest_route=\/wp\/v2\/posts\/63112\/revisions\/63113"}],"wp:featuredmedia":[{"embeddable":true,"href":"https:\/\/zonaroja.com.mx\/index.php?rest_route=\/wp\/v2\/media\/50335"}],"wp:attachment":[{"href":"https:\/\/zonaroja.com.mx\/index.php?rest_route=%2Fwp%2Fv2%2Fmedia&parent=63112"}],"wp:term":[{"taxonomy":"category","embeddable":true,"href":"https:\/\/zonaroja.com.mx\/index.php?rest_route=%2Fwp%2Fv2%2Fcategories&post=63112"},{"taxonomy":"post_tag","embeddable":true,"href":"https:\/\/zonaroja.com.mx\/index.php?rest_route=%2Fwp%2Fv2%2Ftags&post=63112"}],"curies":[{"name":"wp","href":"https:\/\/api.w.org\/{rel}","templated":true}]}}