{"id":63117,"date":"2023-12-12T08:30:00","date_gmt":"2023-12-12T14:30:00","guid":{"rendered":"http:\/\/www.zonaroja.com.mx\/?p=63117"},"modified":"2023-12-12T06:51:23","modified_gmt":"2023-12-12T12:51:23","slug":"amaina-crisis-en-tribunal-electoral-federal-renunciara-su-presidente","status":"publish","type":"post","link":"https:\/\/zonaroja.com.mx\/?p=63117","title":{"rendered":"Amaina crisis en Tribunal Electoral Federal: renunciar\u00e1 su presidente"},"content":{"rendered":"\n<p>Redacci\u00f3n\/Zona Roja Cdmx.<\/p>\n\n\n\n<p>Ciudad de M\u00e9xico, a 12 de diciembre de 2023.- El magistrado Reyes Rodr\u00edguez Mondrag\u00f3n acept\u00f3, la noche de este lunes 11 de diciembre, su renuncia al cargo de presidente del Tribunal Electoral del Poder Judicial de la Federaci\u00f3n (TEPJF).<\/p>\n\n\n\n<p>Dicha renuncia, confirmaron fuentes del \u00f3rgano electoral a \u201cEl Financiero\u201d, ser\u00e1 efectiva a partir del \u00faltimo minuto del 31 de diciembre pr\u00f3ximo.<\/p>\n\n\n\n<p>El o la nueva titular del TEPJF ser\u00e1 electa por los cinco integrantes de la Sala Superior del TEPJF, en sesi\u00f3n p\u00fablica que ser\u00e1 convocada para los primeros d\u00edas de enero.<\/p>\n\n\n\n<p>Los candidatos naturales a suplir a Rodr\u00edguez Mondrag\u00f3n son la magistrada M\u00f3nica Aral\u00ed Soto Fregoso y Felipe de la Mata Piza\u00f1a, ya que son los \u00fanicos de esta integraci\u00f3n del TEPJF que no han ocupado ese cargo.<\/p>\n\n\n\n<p>La renuncia de Rodr\u00edguez Mondrag\u00f3n se da luego de una semana de caos en el m\u00e1ximo tribunal electoral del pa\u00eds.<\/p>\n\n\n\n<p>La crisis se destap\u00f3 el 4 de diciembre pasado cuando la magistrada Soto y los magistrados De la Mata y Felipe Fuentes no asistieron al informe que su presidente, Reyes Rodriguez Mondrag\u00f3n, rindi\u00f3 ante la Suprema Corte de Justicia de la Naci\u00f3n.<\/p>\n\n\n\n<p>A partir de ah\u00ed, inici\u00f3 una guerra de declaraciones y misivas en redes sociales en las que, mutuamente, se acusaron de seguir intereses ajenos al TEPJF y perseguir cotos de poder al interior de esa instituci\u00f3n.<\/p>\n\n\n\n<p>En la sesi\u00f3n p\u00fablica del 7 de diciembre pasado, se oficializ\u00f3 la solicitud de Soto, De la Mata y Fuentes, para que Reyes Rodr\u00edguez Mondrag\u00f3n dejar a la titularidad del tribunal.<\/p>\n\n\n\n<p>Ese d\u00eda no se toc\u00f3 el tema ya que se suspendi\u00f3 la sesi\u00f3n p\u00fablica y se decret\u00f3 un receso indefinido. Fue hasta este lunes cuando Rodr\u00edguez Mondrag\u00f3n se reuni\u00f3 con sus detractores y, tras varias horas de negociaci\u00f3n, acept\u00f3 su dimisi\u00f3n a la presidencia del TEPJF, no as\u00ed a su encargo de magistrado de la Sala Superior.<\/p>\n\n\n\n<p>(Informaci\u00f3n de \u201cEl Financiero\u201d)<\/p>\n","protected":false},"excerpt":{"rendered":"<p>Redacci\u00f3n\/Zona Roja Cdmx. Ciudad de M\u00e9xico, a 12 de diciembre de 2023.- El magistrado Reyes&hellip;<\/p>\n","protected":false},"author":2,"featured_media":63118,"comment_status":"closed","ping_status":"open","sticky":false,"template":"","format":"standard","meta":{"_lmt_disableupdate":"","_lmt_disable":"","_jetpack_memberships_contains_paid_content":false,"footnotes":""},"categories":[109,47],"tags":[2844],"class_list":["post-63117","post","type-post","status-publish","format-standard","has-post-thumbnail","hentry","category-minuto-a-minuto","category-zona-gris","tag-tribunal-electoral-del-poder-judicial-de-la-federacion-tepjf"],"jetpack_featured_media_url":"https:\/\/zonaroja.com.mx\/wp-content\/uploads\/2023\/12\/Triibunal-Electoral-del-Poder-Judicial-de-la-Federacion.jpg","jetpack_sharing_enabled":true,"_links":{"self":[{"href":"https:\/\/zonaroja.com.mx\/index.php?rest_route=\/wp\/v2\/posts\/63117","targetHints":{"allow":["GET"]}}],"collection":[{"href":"https:\/\/zonaroja.com.mx\/index.php?rest_route=\/wp\/v2\/posts"}],"about":[{"href":"https:\/\/zonaroja.com.mx\/index.php?rest_route=\/wp\/v2\/types\/post"}],"author":[{"embeddable":true,"href":"https:\/\/zonaroja.com.mx\/index.php?rest_route=\/wp\/v2\/users\/2"}],"replies":[{"embeddable":true,"href":"https:\/\/zonaroja.com.mx\/index.php?rest_route=%2Fwp%2Fv2%2Fcomments&post=63117"}],"version-history":[{"count":1,"href":"https:\/\/zonaroja.com.mx\/index.php?rest_route=\/wp\/v2\/posts\/63117\/revisions"}],"predecessor-version":[{"id":63119,"href":"https:\/\/zonaroja.com.mx\/index.php?rest_route=\/wp\/v2\/posts\/63117\/revisions\/63119"}],"wp:featuredmedia":[{"embeddable":true,"href":"https:\/\/zonaroja.com.mx\/index.php?rest_route=\/wp\/v2\/media\/63118"}],"wp:attachment":[{"href":"https:\/\/zonaroja.com.mx\/index.php?rest_route=%2Fwp%2Fv2%2Fmedia&parent=63117"}],"wp:term":[{"taxonomy":"category","embeddable":true,"href":"https:\/\/zonaroja.com.mx\/index.php?rest_route=%2Fwp%2Fv2%2Fcategories&post=63117"},{"taxonomy":"post_tag","embeddable":true,"href":"https:\/\/zonaroja.com.mx\/index.php?rest_route=%2Fwp%2Fv2%2Ftags&post=63117"}],"curies":[{"name":"wp","href":"https:\/\/api.w.org\/{rel}","templated":true}]}}